{"id":18900,"date":"2021-03-09T13:04:01","date_gmt":"2021-03-09T12:04:01","guid":{"rendered":"http:\/\/aeroportlleida.cat\/sha-signat-un-acord-entre-aeroports-de-catalunya-i-lieec-per-a-limpuls-de-lactivitat-aeroespacial-a-laeroport-de-lleida-alguaire\/"},"modified":"2021-03-09T13:04:01","modified_gmt":"2021-03-09T12:04:01","slug":"sha-signat-un-acord-entre-aeroports-de-catalunya-i-lieec-per-a-limpuls-de-lactivitat-aeroespacial-a-laeroport-de-lleida-alguaire","status":"publish","type":"post","link":"https:\/\/aeroportlleida.cat\/en\/sha-signat-un-acord-entre-aeroports-de-catalunya-i-lieec-per-a-limpuls-de-lactivitat-aeroespacial-a-laeroport-de-lleida-alguaire\/","title":{"rendered":"S\u2019ha signat un acord entre Aeroports de Catalunya i l&#8217;IEEC per a l&#8217;impuls de l&#8217;activitat aeroespacial a l&#8217;aeroport de Lleida-Alguaire"},"content":{"rendered":"<p><span style=\"font-weight: 400;\">El president d\u2019Aeroports de Catalunya, Isidre Gav\u00edn, i el director i la gerent de l\u2019Institut d\u2019Estudis Espacials de Catalunya (IEEC), Ignasi Ribas i Pilar Montes, respectivament, han signat avui a l\u2019aeroport de Lleida-Alguaire el primer conveni per a formalitzar l\u2019activitat aeroespacial de l\u2019IEEC a l\u2019aeroport lleidat\u00e0.<\/span><\/p>\n<p><span style=\"font-weight: 400;\">Aquest projecte de col\u00b7laboraci\u00f3 entre l\u2019aeroport i l\u2019IEEC s\u2019emmarca dins de l\u2019Estrat\u00e8gia NewSpace de Catalunya, impulsada pel Departament de Pol\u00edtiques Digitals i Administraci\u00f3 P\u00fablica, per promoure projectes amb diferents empreses consolidades i empreses emergents (start-ups) i dona forma als usos aeroespacials de l\u2019aeroport de Lleida-Alguaire.<\/span><\/p>\n<p><span style=\"font-weight: 400;\">Pel president d\u2019Aeroports de Catalunya, Isidre Gav\u00edn, \u201c<\/span><b>amb aquesta alian\u00e7a reforcem el rol de l\u2019aeroport de Lleida-Alguaire com un aeroport industrial orientat a la recerca i al desenvolupament, a la transici\u00f3 energ\u00e8tica i del m\u00f3n aeron\u00e0utic i aeroespacial.<\/b><span style=\"font-weight: 400;\">\u201d<\/span><\/p>\n<p><span style=\"font-weight: 400;\">El New Space representa un nou paradigma en l\u2019\u00fas de l\u2019espai, una nova tecnologia, un nou conjunt de serveis i, per tant, una nova economia que parteix de la democratitzaci\u00f3 de l\u2019espai i d\u2019una ind\u00fastria espacial complement\u00e0ria, m\u00e9s din\u00e0mica i \u00e0gil. \u00a0L\u2019impuls del NewSpace constitueix una prioritat del Govern de la Generalitat de Catalunya, que dona suport al desplegament d\u2019aquesta nova economia de l\u2019espai per fer de Catalunya un pol d\u2019innovaci\u00f3, lideratge i d\u2019atracci\u00f3 de talent i d\u2019empreses en l\u2019\u00e0mbit d&#8217;aquest sector creixent.<\/span><\/p>\n<p><span style=\"font-weight: 400;\">Donada l\u2019escassedat d\u2019infraestructures especialitzades en aquest sector a escala mundial, l\u2019Estrat\u00e8gia New Space de Catalunya contempla el potencial de l\u2019aeroport de Lleida-Alguaire per esdevenir una infraestructura fonamental per a l\u2019activitat espacial a Catalunya.<\/span><\/p>\n<p><span style=\"font-weight: 400;\">En aquest sentit, el passat 18 de desembre del 2020 es va presentar a Alguaire el projecte de convertir l\u2019aeroport en un port espacial dedicat a missions de vol suborbital (SpacePort), a m\u00e9s d\u2019un centre de proves de propulsi\u00f3 per a coets-llan\u00e7adora i un parc empresarial i un centre educatiu per a empreses tecnol\u00f2giques vinculades amb l&#8217;espai.<\/span><\/p>\n<p><span style=\"font-weight: 400;\">L\u2019objecte d\u2019aquest acord \u00e9s establir les bases de treball per a la col\u00b7laboraci\u00f3 entre Aeroports de Catalunya i l\u2019IEEC per dur a terme el projecte de creaci\u00f3 de l\u2019\u00e0rea de desenvolupament empresarial vinculada a l\u2019espai exterior que es preveu que aculli la infraestructura aeroportu\u00e0ria lleidatana.<\/span><\/p>\n<p><span style=\"font-weight: 400;\">El projecte, condicionat a l\u2019obtenci\u00f3 del finan\u00e7ament necessari i al compliment dels procediments i instruments legalment establerts i adients, est\u00e0 previst que inclogui les seg\u00fcents actuacions:<\/span><\/p>\n<ul>\n<li style=\"font-weight: 400;\" aria-level=\"1\"><span style=\"font-weight: 400;\">La creaci\u00f3 d\u2019un port espacial dedicat a missions de vol suborbital (SpacePort). Aquest port espacial permetria el llan\u00e7ament de sat\u00e8l\u00b7lits amb payloads (c\u00e0rrega \u00fatil transportada per una nau espacial) experimentals i l\u2019\u00fas de plataformes amb capacitat de vol orbital i altres activitats comercials del sector.<\/span><\/li>\n<li style=\"font-weight: 400;\" aria-level=\"1\"><span style=\"font-weight: 400;\">La creaci\u00f3 d\u2019un centre de proves de propulsi\u00f3 per a coets-llan\u00e7adora. Es preveu que tingui la capacitat necess\u00e0ria per provar els motors de coets de major efici\u00e8ncia, utilitzant combustibles menys contaminants.<\/span><\/li>\n<li style=\"font-weight: 400;\" aria-level=\"1\"><span style=\"font-weight: 400;\">La constituci\u00f3 d\u2019un parc empresarial, que permeti allotjar empreses vinculades al m\u00f3n de l\u2019espai que estiguin interessades en les activitats vinculades a l\u2019espai exterior, que es preveu que puguin desenvolupar-se a l\u2019Aeroport de Lleida-Alguaire.<\/span><\/li>\n<\/ul>\n","protected":false},"excerpt":{"rendered":"<p>El president d\u2019Aeroports de Catalunya, Isidre Gav\u00edn, i el director i la gerent de l\u2019Institut d\u2019Estudis Espacials de Catalunya (IEEC), Ignasi Ribas i Pilar Montes, respectivament, han signat avui a&#8230;<\/p>\n","protected":false},"author":4,"featured_media":18897,"comment_status":"open","ping_status":"open","sticky":false,"template":"","format":"standard","meta":{"footnotes":""},"categories":[91],"tags":[],"class_list":["post-18900","post","type-post","status-publish","format-standard","has-post-thumbnail","hentry","category-noticies-en"],"yoast_head":"<!-- This site is optimized with the Yoast SEO plugin v27.5 - https:\/\/yoast.com\/product\/yoast-seo-wordpress\/ -->\n<title>S\u2019ha signat un acord entre Aeroports de Catalunya i l&#039;IEEC per a l&#039;impuls de l&#039;activitat aeroespacial a l&#039;aeroport de Lleida-Alguaire - Aeroport de Lleida-Alguaire<\/title>\n<meta name=\"robots\" content=\"index, follow, max-snippet:-1, max-image-preview:large, max-video-preview:-1\" \/>\n<link rel=\"canonical\" href=\"https:\/\/aeroportlleida.cat\/en\/sha-signat-un-acord-entre-aeroports-de-catalunya-i-lieec-per-a-limpuls-de-lactivitat-aeroespacial-a-laeroport-de-lleida-alguaire\/\" \/>\n<meta property=\"og:locale\" content=\"en_US\" \/>\n<meta property=\"og:type\" content=\"article\" \/>\n<meta property=\"og:title\" content=\"S\u2019ha signat un acord entre Aeroports de Catalunya i l&#039;IEEC per a l&#039;impuls de l&#039;activitat aeroespacial a l&#039;aeroport de Lleida-Alguaire - Aeroport de Lleida-Alguaire\" \/>\n<meta property=\"og:description\" content=\"El president d\u2019Aeroports de Catalunya, Isidre Gav\u00edn, i el director i la gerent de l\u2019Institut d\u2019Estudis Espacials de Catalunya (IEEC), Ignasi Ribas i Pilar Montes, respectivament, han signat avui a...\" \/>\n<meta property=\"og:url\" content=\"https:\/\/aeroportlleida.cat\/en\/sha-signat-un-acord-entre-aeroports-de-catalunya-i-lieec-per-a-limpuls-de-lactivitat-aeroespacial-a-laeroport-de-lleida-alguaire\/\" \/>\n<meta property=\"og:site_name\" content=\"Aeroport de Lleida-Alguaire\" \/>\n<meta property=\"article:published_time\" content=\"2021-03-09T12:04:01+00:00\" \/>\n<meta property=\"og:image\" content=\"https:\/\/aeroportlleida.cat\/wp-content\/uploads\/2021\/03\/conveni-ieec-1.jpg\" \/>\n\t<meta property=\"og:image:width\" content=\"2016\" \/>\n\t<meta property=\"og:image:height\" content=\"1512\" \/>\n\t<meta property=\"og:image:type\" content=\"image\/jpeg\" \/>\n<meta name=\"author\" content=\"Aerports.Cat\" \/>\n<meta name=\"twitter:card\" content=\"summary_large_image\" \/>\n<meta name=\"twitter:label1\" content=\"Written by\" \/>\n\t<meta name=\"twitter:data1\" content=\"Aerports.Cat\" \/>\n\t<meta name=\"twitter:label2\" content=\"Est. reading time\" \/>\n\t<meta name=\"twitter:data2\" content=\"3 minutes\" \/>\n<script type=\"application\/ld+json\" class=\"yoast-schema-graph\">{\"@context\":\"https:\\\/\\\/schema.org\",\"@graph\":[{\"@type\":\"Article\",\"@id\":\"https:\\\/\\\/aeroportlleida.cat\\\/en\\\/sha-signat-un-acord-entre-aeroports-de-catalunya-i-lieec-per-a-limpuls-de-lactivitat-aeroespacial-a-laeroport-de-lleida-alguaire\\\/#article\",\"isPartOf\":{\"@id\":\"https:\\\/\\\/aeroportlleida.cat\\\/en\\\/sha-signat-un-acord-entre-aeroports-de-catalunya-i-lieec-per-a-limpuls-de-lactivitat-aeroespacial-a-laeroport-de-lleida-alguaire\\\/\"},\"author\":{\"name\":\"Aerports.Cat\",\"@id\":\"https:\\\/\\\/aeroportlleida.cat\\\/#\\\/schema\\\/person\\\/02d213a5e57e84b17a1b9fd0f235c7b4\"},\"headline\":\"S\u2019ha signat un acord entre Aeroports de Catalunya i l&#8217;IEEC per a l&#8217;impuls de l&#8217;activitat aeroespacial a l&#8217;aeroport de Lleida-Alguaire\",\"datePublished\":\"2021-03-09T12:04:01+00:00\",\"mainEntityOfPage\":{\"@id\":\"https:\\\/\\\/aeroportlleida.cat\\\/en\\\/sha-signat-un-acord-entre-aeroports-de-catalunya-i-lieec-per-a-limpuls-de-lactivitat-aeroespacial-a-laeroport-de-lleida-alguaire\\\/\"},\"wordCount\":583,\"commentCount\":0,\"publisher\":{\"@id\":\"https:\\\/\\\/aeroportlleida.cat\\\/#organization\"},\"image\":{\"@id\":\"https:\\\/\\\/aeroportlleida.cat\\\/en\\\/sha-signat-un-acord-entre-aeroports-de-catalunya-i-lieec-per-a-limpuls-de-lactivitat-aeroespacial-a-laeroport-de-lleida-alguaire\\\/#primaryimage\"},\"thumbnailUrl\":\"https:\\\/\\\/aeroportlleida.cat\\\/wp-content\\\/uploads\\\/2021\\\/03\\\/conveni-ieec-1.jpg\",\"articleSection\":[\"noticies\"],\"inLanguage\":\"en-US\"},{\"@type\":\"WebPage\",\"@id\":\"https:\\\/\\\/aeroportlleida.cat\\\/en\\\/sha-signat-un-acord-entre-aeroports-de-catalunya-i-lieec-per-a-limpuls-de-lactivitat-aeroespacial-a-laeroport-de-lleida-alguaire\\\/\",\"url\":\"https:\\\/\\\/aeroportlleida.cat\\\/en\\\/sha-signat-un-acord-entre-aeroports-de-catalunya-i-lieec-per-a-limpuls-de-lactivitat-aeroespacial-a-laeroport-de-lleida-alguaire\\\/\",\"name\":\"S\u2019ha signat un acord entre Aeroports de Catalunya i l'IEEC per a l'impuls de l'activitat aeroespacial a l'aeroport de Lleida-Alguaire - Aeroport de Lleida-Alguaire\",\"isPartOf\":{\"@id\":\"https:\\\/\\\/aeroportlleida.cat\\\/#website\"},\"primaryImageOfPage\":{\"@id\":\"https:\\\/\\\/aeroportlleida.cat\\\/en\\\/sha-signat-un-acord-entre-aeroports-de-catalunya-i-lieec-per-a-limpuls-de-lactivitat-aeroespacial-a-laeroport-de-lleida-alguaire\\\/#primaryimage\"},\"image\":{\"@id\":\"https:\\\/\\\/aeroportlleida.cat\\\/en\\\/sha-signat-un-acord-entre-aeroports-de-catalunya-i-lieec-per-a-limpuls-de-lactivitat-aeroespacial-a-laeroport-de-lleida-alguaire\\\/#primaryimage\"},\"thumbnailUrl\":\"https:\\\/\\\/aeroportlleida.cat\\\/wp-content\\\/uploads\\\/2021\\\/03\\\/conveni-ieec-1.jpg\",\"datePublished\":\"2021-03-09T12:04:01+00:00\",\"breadcrumb\":{\"@id\":\"https:\\\/\\\/aeroportlleida.cat\\\/en\\\/sha-signat-un-acord-entre-aeroports-de-catalunya-i-lieec-per-a-limpuls-de-lactivitat-aeroespacial-a-laeroport-de-lleida-alguaire\\\/#breadcrumb\"},\"inLanguage\":\"en-US\",\"potentialAction\":[{\"@type\":\"ReadAction\",\"target\":[\"https:\\\/\\\/aeroportlleida.cat\\\/en\\\/sha-signat-un-acord-entre-aeroports-de-catalunya-i-lieec-per-a-limpuls-de-lactivitat-aeroespacial-a-laeroport-de-lleida-alguaire\\\/\"]}]},{\"@type\":\"ImageObject\",\"inLanguage\":\"en-US\",\"@id\":\"https:\\\/\\\/aeroportlleida.cat\\\/en\\\/sha-signat-un-acord-entre-aeroports-de-catalunya-i-lieec-per-a-limpuls-de-lactivitat-aeroespacial-a-laeroport-de-lleida-alguaire\\\/#primaryimage\",\"url\":\"https:\\\/\\\/aeroportlleida.cat\\\/wp-content\\\/uploads\\\/2021\\\/03\\\/conveni-ieec-1.jpg\",\"contentUrl\":\"https:\\\/\\\/aeroportlleida.cat\\\/wp-content\\\/uploads\\\/2021\\\/03\\\/conveni-ieec-1.jpg\",\"width\":2016,\"height\":1512},{\"@type\":\"BreadcrumbList\",\"@id\":\"https:\\\/\\\/aeroportlleida.cat\\\/en\\\/sha-signat-un-acord-entre-aeroports-de-catalunya-i-lieec-per-a-limpuls-de-lactivitat-aeroespacial-a-laeroport-de-lleida-alguaire\\\/#breadcrumb\",\"itemListElement\":[{\"@type\":\"ListItem\",\"position\":1,\"name\":\"Inici\",\"item\":\"https:\\\/\\\/aeroportlleida.cat\\\/en\\\/\"},{\"@type\":\"ListItem\",\"position\":2,\"name\":\"S\u2019ha signat un acord entre Aeroports de Catalunya i l&#8217;IEEC per a l&#8217;impuls de l&#8217;activitat aeroespacial a l&#8217;aeroport de Lleida-Alguaire\"}]},{\"@type\":\"WebSite\",\"@id\":\"https:\\\/\\\/aeroportlleida.cat\\\/#website\",\"url\":\"https:\\\/\\\/aeroportlleida.cat\\\/\",\"name\":\"Aeroport de Lleida-Alguaire\",\"description\":\"Aeropuerto de Lleida-Alguaire\",\"publisher\":{\"@id\":\"https:\\\/\\\/aeroportlleida.cat\\\/#organization\"},\"potentialAction\":[{\"@type\":\"SearchAction\",\"target\":{\"@type\":\"EntryPoint\",\"urlTemplate\":\"https:\\\/\\\/aeroportlleida.cat\\\/?s={search_term_string}\"},\"query-input\":{\"@type\":\"PropertyValueSpecification\",\"valueRequired\":true,\"valueName\":\"search_term_string\"}}],\"inLanguage\":\"en-US\"},{\"@type\":\"Organization\",\"@id\":\"https:\\\/\\\/aeroportlleida.cat\\\/#organization\",\"name\":\"Aeroport de Lleida\",\"url\":\"https:\\\/\\\/aeroportlleida.cat\\\/\",\"logo\":{\"@type\":\"ImageObject\",\"inLanguage\":\"en-US\",\"@id\":\"https:\\\/\\\/aeroportlleida.cat\\\/#\\\/schema\\\/logo\\\/image\\\/\",\"url\":\"http:\\\/\\\/aeroportlleida.cat\\\/wp-content\\\/uploads\\\/2019\\\/04\\\/front-aero-lleida.jpg\",\"contentUrl\":\"http:\\\/\\\/aeroportlleida.cat\\\/wp-content\\\/uploads\\\/2019\\\/04\\\/front-aero-lleida.jpg\",\"width\":2000,\"height\":950,\"caption\":\"Aeroport de Lleida\"},\"image\":{\"@id\":\"https:\\\/\\\/aeroportlleida.cat\\\/#\\\/schema\\\/logo\\\/image\\\/\"}},{\"@type\":\"Person\",\"@id\":\"https:\\\/\\\/aeroportlleida.cat\\\/#\\\/schema\\\/person\\\/02d213a5e57e84b17a1b9fd0f235c7b4\",\"name\":\"Aerports.Cat\",\"image\":{\"@type\":\"ImageObject\",\"inLanguage\":\"en-US\",\"@id\":\"https:\\\/\\\/secure.gravatar.com\\\/avatar\\\/37ae9913330a8ba8ae5b70d45f94d09611bd4285ff19c4345f0f1bfa1f5937a3?s=96&d=mm&r=g\",\"url\":\"https:\\\/\\\/secure.gravatar.com\\\/avatar\\\/37ae9913330a8ba8ae5b70d45f94d09611bd4285ff19c4345f0f1bfa1f5937a3?s=96&d=mm&r=g\",\"contentUrl\":\"https:\\\/\\\/secure.gravatar.com\\\/avatar\\\/37ae9913330a8ba8ae5b70d45f94d09611bd4285ff19c4345f0f1bfa1f5937a3?s=96&d=mm&r=g\",\"caption\":\"Aerports.Cat\"},\"url\":\"https:\\\/\\\/aeroportlleida.cat\\\/en\\\/author\\\/elisab3th\\\/\"}]}<\/script>\n<!-- \/ Yoast SEO plugin. -->","yoast_head_json":{"title":"S\u2019ha signat un acord entre Aeroports de Catalunya i l'IEEC per a l'impuls de l'activitat aeroespacial a l'aeroport de Lleida-Alguaire - Aeroport de Lleida-Alguaire","robots":{"index":"index","follow":"follow","max-snippet":"max-snippet:-1","max-image-preview":"max-image-preview:large","max-video-preview":"max-video-preview:-1"},"canonical":"https:\/\/aeroportlleida.cat\/en\/sha-signat-un-acord-entre-aeroports-de-catalunya-i-lieec-per-a-limpuls-de-lactivitat-aeroespacial-a-laeroport-de-lleida-alguaire\/","og_locale":"en_US","og_type":"article","og_title":"S\u2019ha signat un acord entre Aeroports de Catalunya i l'IEEC per a l'impuls de l'activitat aeroespacial a l'aeroport de Lleida-Alguaire - Aeroport de Lleida-Alguaire","og_description":"El president d\u2019Aeroports de Catalunya, Isidre Gav\u00edn, i el director i la gerent de l\u2019Institut d\u2019Estudis Espacials de Catalunya (IEEC), Ignasi Ribas i Pilar Montes, respectivament, han signat avui a...","og_url":"https:\/\/aeroportlleida.cat\/en\/sha-signat-un-acord-entre-aeroports-de-catalunya-i-lieec-per-a-limpuls-de-lactivitat-aeroespacial-a-laeroport-de-lleida-alguaire\/","og_site_name":"Aeroport de Lleida-Alguaire","article_published_time":"2021-03-09T12:04:01+00:00","og_image":[{"width":2016,"height":1512,"url":"https:\/\/aeroportlleida.cat\/wp-content\/uploads\/2021\/03\/conveni-ieec-1.jpg","type":"image\/jpeg"}],"author":"Aerports.Cat","twitter_card":"summary_large_image","twitter_misc":{"Written by":"Aerports.Cat","Est. reading time":"3 minutes"},"schema":{"@context":"https:\/\/schema.org","@graph":[{"@type":"Article","@id":"https:\/\/aeroportlleida.cat\/en\/sha-signat-un-acord-entre-aeroports-de-catalunya-i-lieec-per-a-limpuls-de-lactivitat-aeroespacial-a-laeroport-de-lleida-alguaire\/#article","isPartOf":{"@id":"https:\/\/aeroportlleida.cat\/en\/sha-signat-un-acord-entre-aeroports-de-catalunya-i-lieec-per-a-limpuls-de-lactivitat-aeroespacial-a-laeroport-de-lleida-alguaire\/"},"author":{"name":"Aerports.Cat","@id":"https:\/\/aeroportlleida.cat\/#\/schema\/person\/02d213a5e57e84b17a1b9fd0f235c7b4"},"headline":"S\u2019ha signat un acord entre Aeroports de Catalunya i l&#8217;IEEC per a l&#8217;impuls de l&#8217;activitat aeroespacial a l&#8217;aeroport de Lleida-Alguaire","datePublished":"2021-03-09T12:04:01+00:00","mainEntityOfPage":{"@id":"https:\/\/aeroportlleida.cat\/en\/sha-signat-un-acord-entre-aeroports-de-catalunya-i-lieec-per-a-limpuls-de-lactivitat-aeroespacial-a-laeroport-de-lleida-alguaire\/"},"wordCount":583,"commentCount":0,"publisher":{"@id":"https:\/\/aeroportlleida.cat\/#organization"},"image":{"@id":"https:\/\/aeroportlleida.cat\/en\/sha-signat-un-acord-entre-aeroports-de-catalunya-i-lieec-per-a-limpuls-de-lactivitat-aeroespacial-a-laeroport-de-lleida-alguaire\/#primaryimage"},"thumbnailUrl":"https:\/\/aeroportlleida.cat\/wp-content\/uploads\/2021\/03\/conveni-ieec-1.jpg","articleSection":["noticies"],"inLanguage":"en-US"},{"@type":"WebPage","@id":"https:\/\/aeroportlleida.cat\/en\/sha-signat-un-acord-entre-aeroports-de-catalunya-i-lieec-per-a-limpuls-de-lactivitat-aeroespacial-a-laeroport-de-lleida-alguaire\/","url":"https:\/\/aeroportlleida.cat\/en\/sha-signat-un-acord-entre-aeroports-de-catalunya-i-lieec-per-a-limpuls-de-lactivitat-aeroespacial-a-laeroport-de-lleida-alguaire\/","name":"S\u2019ha signat un acord entre Aeroports de Catalunya i l'IEEC per a l'impuls de l'activitat aeroespacial a l'aeroport de Lleida-Alguaire - Aeroport de Lleida-Alguaire","isPartOf":{"@id":"https:\/\/aeroportlleida.cat\/#website"},"primaryImageOfPage":{"@id":"https:\/\/aeroportlleida.cat\/en\/sha-signat-un-acord-entre-aeroports-de-catalunya-i-lieec-per-a-limpuls-de-lactivitat-aeroespacial-a-laeroport-de-lleida-alguaire\/#primaryimage"},"image":{"@id":"https:\/\/aeroportlleida.cat\/en\/sha-signat-un-acord-entre-aeroports-de-catalunya-i-lieec-per-a-limpuls-de-lactivitat-aeroespacial-a-laeroport-de-lleida-alguaire\/#primaryimage"},"thumbnailUrl":"https:\/\/aeroportlleida.cat\/wp-content\/uploads\/2021\/03\/conveni-ieec-1.jpg","datePublished":"2021-03-09T12:04:01+00:00","breadcrumb":{"@id":"https:\/\/aeroportlleida.cat\/en\/sha-signat-un-acord-entre-aeroports-de-catalunya-i-lieec-per-a-limpuls-de-lactivitat-aeroespacial-a-laeroport-de-lleida-alguaire\/#breadcrumb"},"inLanguage":"en-US","potentialAction":[{"@type":"ReadAction","target":["https:\/\/aeroportlleida.cat\/en\/sha-signat-un-acord-entre-aeroports-de-catalunya-i-lieec-per-a-limpuls-de-lactivitat-aeroespacial-a-laeroport-de-lleida-alguaire\/"]}]},{"@type":"ImageObject","inLanguage":"en-US","@id":"https:\/\/aeroportlleida.cat\/en\/sha-signat-un-acord-entre-aeroports-de-catalunya-i-lieec-per-a-limpuls-de-lactivitat-aeroespacial-a-laeroport-de-lleida-alguaire\/#primaryimage","url":"https:\/\/aeroportlleida.cat\/wp-content\/uploads\/2021\/03\/conveni-ieec-1.jpg","contentUrl":"https:\/\/aeroportlleida.cat\/wp-content\/uploads\/2021\/03\/conveni-ieec-1.jpg","width":2016,"height":1512},{"@type":"BreadcrumbList","@id":"https:\/\/aeroportlleida.cat\/en\/sha-signat-un-acord-entre-aeroports-de-catalunya-i-lieec-per-a-limpuls-de-lactivitat-aeroespacial-a-laeroport-de-lleida-alguaire\/#breadcrumb","itemListElement":[{"@type":"ListItem","position":1,"name":"Inici","item":"https:\/\/aeroportlleida.cat\/en\/"},{"@type":"ListItem","position":2,"name":"S\u2019ha signat un acord entre Aeroports de Catalunya i l&#8217;IEEC per a l&#8217;impuls de l&#8217;activitat aeroespacial a l&#8217;aeroport de Lleida-Alguaire"}]},{"@type":"WebSite","@id":"https:\/\/aeroportlleida.cat\/#website","url":"https:\/\/aeroportlleida.cat\/","name":"Aeroport de Lleida-Alguaire","description":"Aeropuerto de Lleida-Alguaire","publisher":{"@id":"https:\/\/aeroportlleida.cat\/#organization"},"potentialAction":[{"@type":"SearchAction","target":{"@type":"EntryPoint","urlTemplate":"https:\/\/aeroportlleida.cat\/?s={search_term_string}"},"query-input":{"@type":"PropertyValueSpecification","valueRequired":true,"valueName":"search_term_string"}}],"inLanguage":"en-US"},{"@type":"Organization","@id":"https:\/\/aeroportlleida.cat\/#organization","name":"Aeroport de Lleida","url":"https:\/\/aeroportlleida.cat\/","logo":{"@type":"ImageObject","inLanguage":"en-US","@id":"https:\/\/aeroportlleida.cat\/#\/schema\/logo\/image\/","url":"http:\/\/aeroportlleida.cat\/wp-content\/uploads\/2019\/04\/front-aero-lleida.jpg","contentUrl":"http:\/\/aeroportlleida.cat\/wp-content\/uploads\/2019\/04\/front-aero-lleida.jpg","width":2000,"height":950,"caption":"Aeroport de Lleida"},"image":{"@id":"https:\/\/aeroportlleida.cat\/#\/schema\/logo\/image\/"}},{"@type":"Person","@id":"https:\/\/aeroportlleida.cat\/#\/schema\/person\/02d213a5e57e84b17a1b9fd0f235c7b4","name":"Aerports.Cat","image":{"@type":"ImageObject","inLanguage":"en-US","@id":"https:\/\/secure.gravatar.com\/avatar\/37ae9913330a8ba8ae5b70d45f94d09611bd4285ff19c4345f0f1bfa1f5937a3?s=96&d=mm&r=g","url":"https:\/\/secure.gravatar.com\/avatar\/37ae9913330a8ba8ae5b70d45f94d09611bd4285ff19c4345f0f1bfa1f5937a3?s=96&d=mm&r=g","contentUrl":"https:\/\/secure.gravatar.com\/avatar\/37ae9913330a8ba8ae5b70d45f94d09611bd4285ff19c4345f0f1bfa1f5937a3?s=96&d=mm&r=g","caption":"Aerports.Cat"},"url":"https:\/\/aeroportlleida.cat\/en\/author\/elisab3th\/"}]}},"_links":{"self":[{"href":"https:\/\/aeroportlleida.cat\/en\/wp-json\/wp\/v2\/posts\/18900","targetHints":{"allow":["GET"]}}],"collection":[{"href":"https:\/\/aeroportlleida.cat\/en\/wp-json\/wp\/v2\/posts"}],"about":[{"href":"https:\/\/aeroportlleida.cat\/en\/wp-json\/wp\/v2\/types\/post"}],"author":[{"embeddable":true,"href":"https:\/\/aeroportlleida.cat\/en\/wp-json\/wp\/v2\/users\/4"}],"replies":[{"embeddable":true,"href":"https:\/\/aeroportlleida.cat\/en\/wp-json\/wp\/v2\/comments?post=18900"}],"version-history":[{"count":0,"href":"https:\/\/aeroportlleida.cat\/en\/wp-json\/wp\/v2\/posts\/18900\/revisions"}],"wp:featuredmedia":[{"embeddable":true,"href":"https:\/\/aeroportlleida.cat\/en\/wp-json\/wp\/v2\/media\/18897"}],"wp:attachment":[{"href":"https:\/\/aeroportlleida.cat\/en\/wp-json\/wp\/v2\/media?parent=18900"}],"wp:term":[{"taxonomy":"category","embeddable":true,"href":"https:\/\/aeroportlleida.cat\/en\/wp-json\/wp\/v2\/categories?post=18900"},{"taxonomy":"post_tag","embeddable":true,"href":"https:\/\/aeroportlleida.cat\/en\/wp-json\/wp\/v2\/tags?post=18900"}],"curies":[{"name":"wp","href":"https:\/\/api.w.org\/{rel}","templated":true}]}}