{"id":17594,"date":"2019-06-14T11:30:51","date_gmt":"2019-06-14T11:30:51","guid":{"rendered":"http:\/\/www.aeroportlleida.cat.mialias.net\/laeroport-de-lleida-alguaire-ha-acollit-la-fira-aeronautica-lleidaairchallenge-amb-un-60-mes-dexpositors\/"},"modified":"2019-06-19T11:50:43","modified_gmt":"2019-06-19T11:50:43","slug":"el-aeropuerto-de-lleida-alguaire-ha-acogido-la-feria-aeronautica-lleidaairchallenge-con-un-60-mas-de-expositores","status":"publish","type":"post","link":"https:\/\/aeroportlleida.cat\/es\/el-aeropuerto-de-lleida-alguaire-ha-acogido-la-feria-aeronautica-lleidaairchallenge-con-un-60-mas-de-expositores\/","title":{"rendered":"El aeropuerto de Lleida-Alguaire ha acogido la feria aeron\u00e1utica LleidaAirChallenge con un 60% m\u00e1s de expositores"},"content":{"rendered":"<p>La feria aeron\u00e1utica, LleidaAirChallenge que se celebr\u00f3 el fin de semana del 1 y 2 de junio fue un \u00e9xito no s\u00f3lo de p\u00fablico sino tambi\u00e9n de expositores.<\/p>\n<p>La feria, inaugurada por el Secretario de Infraestructuras y Movilidad, Isidre Gav\u00edn, ya se empieza a posicionarse como un referente del sector aeron\u00e1utico de dentro y de fuera de Catalu\u00f1a. Este es el tercer a\u00f1o que el aeropuerto focaliza el evento como una feria aeron\u00e1utica y no tanto como un festival a\u00e9reo. La feria ha tenido ochenta stands y se ha celebrado conferencias y talleres. Adem\u00e1s el domingo por la ma\u00f1ana se realizaron dos exhibiciones a\u00e9reas de \u00c0lex Balcells y Jorge Macias.<\/p>\n<p>La LleidaAirChallenge ha tenido un 60% m\u00e1s de expositores respecto a la edici\u00f3n de 2018 y un 300% respecto 2017, \u00ablo que demuestra el \u00e9xito de la apuesta realizada hace tres a\u00f1os de convertir este evento en una feria\u00bb, destaca Gav\u00edn . La feria tambi\u00e9n ha abierto las puertas del aeropuerto a todos sus espacios: zona de facturaci\u00f3n, recogida de maletas, etc.<\/p>\n<p>Para Gav\u00edn, \u00abesta feria es importante tanto para el aeropuerto como para el propio sector aeron\u00e1utico. Conseguir que se re\u00fanan durante un fin de semana un n\u00famero tan importante de empresas del sector aeron\u00e1utico hace que se tejan sinergias y salgan oportunidades de negocio. Para el aeropuerto, es una oportunidad para dar a conocer su espacio y permitir que algunas de estas empresas se establezcan y ayuden a construir el aeropuerto industrial y aeron\u00e1utico de Catalu\u00f1a que buscamos \u00ab.<\/p>\n<p>En la feria se ha reunido stands sobre escuelas de vuelo, drones, escuelas de tripulantes de cabina de pasajeros, escuelas de mec\u00e1nica de aviaci\u00f3n, aeroclubs, vuelos sin motor, mantenimiento de aeronaves, empresas de cohetes , helic\u00f3pteros, motores de aviaci\u00f3n, empresas de aplicaciones aeron\u00e1uticas, de combustible, ingenier\u00edas aeron\u00e1uticas, reconocimientos m\u00e9dicos aeron\u00e1uticos, empresas de fotometr\u00eda y calibraci\u00f3n y de fabricantes de globos.<\/p>\n","protected":false},"excerpt":{"rendered":"<p>El aeropuerto de Lleida-Alguaire ha vivido, en 2018, el inicio de nuevos proyectos que han impulsado su actividad, tanto en el \u00e1mbito industrial, como en el de la formaci\u00f3n y en el del transporte de viajeros.<\/p>\n","protected":false},"author":8,"featured_media":17602,"comment_status":"open","ping_status":"open","sticky":false,"template":"","format":"standard","meta":{"footnotes":""},"categories":[90],"tags":[],"class_list":["post-17594","post","type-post","status-publish","format-standard","has-post-thumbnail","hentry","category-noticies-es"],"yoast_head":"<!-- This site is optimized with the Yoast SEO plugin v27.5 - https:\/\/yoast.com\/product\/yoast-seo-wordpress\/ -->\n<title>El aeropuerto de Lleida-Alguaire ha acogido la feria aeron\u00e1utica LleidaAirChallenge con un 60% m\u00e1s de expositores - Aeroport de Lleida-Alguaire<\/title>\n<meta name=\"robots\" content=\"index, follow, max-snippet:-1, max-image-preview:large, max-video-preview:-1\" \/>\n<link rel=\"canonical\" href=\"https:\/\/aeroportlleida.cat\/es\/el-aeropuerto-de-lleida-alguaire-ha-acogido-la-feria-aeronautica-lleidaairchallenge-con-un-60-mas-de-expositores\/\" \/>\n<meta property=\"og:locale\" content=\"es_ES\" \/>\n<meta property=\"og:type\" content=\"article\" \/>\n<meta property=\"og:title\" content=\"El aeropuerto de Lleida-Alguaire ha acogido la feria aeron\u00e1utica LleidaAirChallenge con un 60% m\u00e1s de expositores - Aeroport de Lleida-Alguaire\" \/>\n<meta property=\"og:description\" content=\"El aeropuerto de Lleida-Alguaire ha vivido, en 2018, el inicio de nuevos proyectos que han impulsado su actividad, tanto en el \u00e1mbito industrial, como en el de la formaci\u00f3n y en el del transporte de viajeros.\" \/>\n<meta property=\"og:url\" content=\"https:\/\/aeroportlleida.cat\/es\/el-aeropuerto-de-lleida-alguaire-ha-acogido-la-feria-aeronautica-lleidaairchallenge-con-un-60-mas-de-expositores\/\" \/>\n<meta property=\"og:site_name\" content=\"Aeroport de Lleida-Alguaire\" \/>\n<meta property=\"article:published_time\" content=\"2019-06-14T11:30:51+00:00\" \/>\n<meta property=\"article:modified_time\" content=\"2019-06-19T11:50:43+00:00\" \/>\n<meta property=\"og:image\" content=\"https:\/\/aeroportlleida.cat\/wp-content\/uploads\/2019\/06\/lleida-challenge.jpg\" \/>\n\t<meta property=\"og:image:width\" content=\"832\" \/>\n\t<meta property=\"og:image:height\" content=\"468\" \/>\n\t<meta property=\"og:image:type\" content=\"image\/jpeg\" \/>\n<meta name=\"author\" content=\"Tecnic\" \/>\n<meta name=\"twitter:card\" content=\"summary_large_image\" \/>\n<meta name=\"twitter:label1\" content=\"Escrito por\" \/>\n\t<meta name=\"twitter:data1\" content=\"Tecnic\" \/>\n\t<meta name=\"twitter:label2\" content=\"Tiempo de lectura\" \/>\n\t<meta name=\"twitter:data2\" content=\"2 minutos\" \/>\n<script type=\"application\/ld+json\" class=\"yoast-schema-graph\">{\"@context\":\"https:\\\/\\\/schema.org\",\"@graph\":[{\"@type\":\"Article\",\"@id\":\"https:\\\/\\\/aeroportlleida.cat\\\/es\\\/el-aeropuerto-de-lleida-alguaire-ha-acogido-la-feria-aeronautica-lleidaairchallenge-con-un-60-mas-de-expositores\\\/#article\",\"isPartOf\":{\"@id\":\"https:\\\/\\\/aeroportlleida.cat\\\/es\\\/el-aeropuerto-de-lleida-alguaire-ha-acogido-la-feria-aeronautica-lleidaairchallenge-con-un-60-mas-de-expositores\\\/\"},\"author\":{\"name\":\"Tecnic\",\"@id\":\"https:\\\/\\\/aeroportlleida.cat\\\/#\\\/schema\\\/person\\\/8270911d351c62c23d8d6febb6cb2ae4\"},\"headline\":\"El aeropuerto de Lleida-Alguaire ha acogido la feria aeron\u00e1utica LleidaAirChallenge con un 60% m\u00e1s de expositores\",\"datePublished\":\"2019-06-14T11:30:51+00:00\",\"dateModified\":\"2019-06-19T11:50:43+00:00\",\"mainEntityOfPage\":{\"@id\":\"https:\\\/\\\/aeroportlleida.cat\\\/es\\\/el-aeropuerto-de-lleida-alguaire-ha-acogido-la-feria-aeronautica-lleidaairchallenge-con-un-60-mas-de-expositores\\\/\"},\"wordCount\":356,\"commentCount\":0,\"publisher\":{\"@id\":\"https:\\\/\\\/aeroportlleida.cat\\\/#organization\"},\"image\":{\"@id\":\"https:\\\/\\\/aeroportlleida.cat\\\/es\\\/el-aeropuerto-de-lleida-alguaire-ha-acogido-la-feria-aeronautica-lleidaairchallenge-con-un-60-mas-de-expositores\\\/#primaryimage\"},\"thumbnailUrl\":\"https:\\\/\\\/aeroportlleida.cat\\\/wp-content\\\/uploads\\\/2019\\\/06\\\/lleida-challenge.jpg\",\"articleSection\":[\"noticies\"],\"inLanguage\":\"es\"},{\"@type\":\"WebPage\",\"@id\":\"https:\\\/\\\/aeroportlleida.cat\\\/es\\\/el-aeropuerto-de-lleida-alguaire-ha-acogido-la-feria-aeronautica-lleidaairchallenge-con-un-60-mas-de-expositores\\\/\",\"url\":\"https:\\\/\\\/aeroportlleida.cat\\\/es\\\/el-aeropuerto-de-lleida-alguaire-ha-acogido-la-feria-aeronautica-lleidaairchallenge-con-un-60-mas-de-expositores\\\/\",\"name\":\"El aeropuerto de Lleida-Alguaire ha acogido la feria aeron\u00e1utica LleidaAirChallenge con un 60% m\u00e1s de expositores - Aeroport de Lleida-Alguaire\",\"isPartOf\":{\"@id\":\"https:\\\/\\\/aeroportlleida.cat\\\/#website\"},\"primaryImageOfPage\":{\"@id\":\"https:\\\/\\\/aeroportlleida.cat\\\/es\\\/el-aeropuerto-de-lleida-alguaire-ha-acogido-la-feria-aeronautica-lleidaairchallenge-con-un-60-mas-de-expositores\\\/#primaryimage\"},\"image\":{\"@id\":\"https:\\\/\\\/aeroportlleida.cat\\\/es\\\/el-aeropuerto-de-lleida-alguaire-ha-acogido-la-feria-aeronautica-lleidaairchallenge-con-un-60-mas-de-expositores\\\/#primaryimage\"},\"thumbnailUrl\":\"https:\\\/\\\/aeroportlleida.cat\\\/wp-content\\\/uploads\\\/2019\\\/06\\\/lleida-challenge.jpg\",\"datePublished\":\"2019-06-14T11:30:51+00:00\",\"dateModified\":\"2019-06-19T11:50:43+00:00\",\"breadcrumb\":{\"@id\":\"https:\\\/\\\/aeroportlleida.cat\\\/es\\\/el-aeropuerto-de-lleida-alguaire-ha-acogido-la-feria-aeronautica-lleidaairchallenge-con-un-60-mas-de-expositores\\\/#breadcrumb\"},\"inLanguage\":\"es\",\"potentialAction\":[{\"@type\":\"ReadAction\",\"target\":[\"https:\\\/\\\/aeroportlleida.cat\\\/es\\\/el-aeropuerto-de-lleida-alguaire-ha-acogido-la-feria-aeronautica-lleidaairchallenge-con-un-60-mas-de-expositores\\\/\"]}]},{\"@type\":\"ImageObject\",\"inLanguage\":\"es\",\"@id\":\"https:\\\/\\\/aeroportlleida.cat\\\/es\\\/el-aeropuerto-de-lleida-alguaire-ha-acogido-la-feria-aeronautica-lleidaairchallenge-con-un-60-mas-de-expositores\\\/#primaryimage\",\"url\":\"https:\\\/\\\/aeroportlleida.cat\\\/wp-content\\\/uploads\\\/2019\\\/06\\\/lleida-challenge.jpg\",\"contentUrl\":\"https:\\\/\\\/aeroportlleida.cat\\\/wp-content\\\/uploads\\\/2019\\\/06\\\/lleida-challenge.jpg\",\"width\":832,\"height\":468},{\"@type\":\"BreadcrumbList\",\"@id\":\"https:\\\/\\\/aeroportlleida.cat\\\/es\\\/el-aeropuerto-de-lleida-alguaire-ha-acogido-la-feria-aeronautica-lleidaairchallenge-con-un-60-mas-de-expositores\\\/#breadcrumb\",\"itemListElement\":[{\"@type\":\"ListItem\",\"position\":1,\"name\":\"Inici\",\"item\":\"https:\\\/\\\/aeroportlleida.cat\\\/es\\\/\"},{\"@type\":\"ListItem\",\"position\":2,\"name\":\"El aeropuerto de Lleida-Alguaire ha acogido la feria aeron\u00e1utica LleidaAirChallenge con un 60% m\u00e1s de expositores\"}]},{\"@type\":\"WebSite\",\"@id\":\"https:\\\/\\\/aeroportlleida.cat\\\/#website\",\"url\":\"https:\\\/\\\/aeroportlleida.cat\\\/\",\"name\":\"Aeroport de Lleida-Alguaire\",\"description\":\"Aeropuerto de Lleida-Alguaire\",\"publisher\":{\"@id\":\"https:\\\/\\\/aeroportlleida.cat\\\/#organization\"},\"potentialAction\":[{\"@type\":\"SearchAction\",\"target\":{\"@type\":\"EntryPoint\",\"urlTemplate\":\"https:\\\/\\\/aeroportlleida.cat\\\/?s={search_term_string}\"},\"query-input\":{\"@type\":\"PropertyValueSpecification\",\"valueRequired\":true,\"valueName\":\"search_term_string\"}}],\"inLanguage\":\"es\"},{\"@type\":\"Organization\",\"@id\":\"https:\\\/\\\/aeroportlleida.cat\\\/#organization\",\"name\":\"Aeroport de Lleida\",\"url\":\"https:\\\/\\\/aeroportlleida.cat\\\/\",\"logo\":{\"@type\":\"ImageObject\",\"inLanguage\":\"es\",\"@id\":\"https:\\\/\\\/aeroportlleida.cat\\\/#\\\/schema\\\/logo\\\/image\\\/\",\"url\":\"http:\\\/\\\/aeroportlleida.cat\\\/wp-content\\\/uploads\\\/2019\\\/04\\\/front-aero-lleida.jpg\",\"contentUrl\":\"http:\\\/\\\/aeroportlleida.cat\\\/wp-content\\\/uploads\\\/2019\\\/04\\\/front-aero-lleida.jpg\",\"width\":2000,\"height\":950,\"caption\":\"Aeroport de Lleida\"},\"image\":{\"@id\":\"https:\\\/\\\/aeroportlleida.cat\\\/#\\\/schema\\\/logo\\\/image\\\/\"}},{\"@type\":\"Person\",\"@id\":\"https:\\\/\\\/aeroportlleida.cat\\\/#\\\/schema\\\/person\\\/8270911d351c62c23d8d6febb6cb2ae4\",\"name\":\"Tecnic\",\"image\":{\"@type\":\"ImageObject\",\"inLanguage\":\"es\",\"@id\":\"https:\\\/\\\/secure.gravatar.com\\\/avatar\\\/f04ae207245779a101cd8940a7ec3eb3caaade6242760e26c768820b9ff3626b?s=96&d=mm&r=g\",\"url\":\"https:\\\/\\\/secure.gravatar.com\\\/avatar\\\/f04ae207245779a101cd8940a7ec3eb3caaade6242760e26c768820b9ff3626b?s=96&d=mm&r=g\",\"contentUrl\":\"https:\\\/\\\/secure.gravatar.com\\\/avatar\\\/f04ae207245779a101cd8940a7ec3eb3caaade6242760e26c768820b9ff3626b?s=96&d=mm&r=g\",\"caption\":\"Tecnic\"},\"url\":\"https:\\\/\\\/aeroportlleida.cat\\\/es\\\/author\\\/tecnic\\\/\"}]}<\/script>\n<!-- \/ Yoast SEO plugin. -->","yoast_head_json":{"title":"El aeropuerto de Lleida-Alguaire ha acogido la feria aeron\u00e1utica LleidaAirChallenge con un 60% m\u00e1s de expositores - Aeroport de Lleida-Alguaire","robots":{"index":"index","follow":"follow","max-snippet":"max-snippet:-1","max-image-preview":"max-image-preview:large","max-video-preview":"max-video-preview:-1"},"canonical":"https:\/\/aeroportlleida.cat\/es\/el-aeropuerto-de-lleida-alguaire-ha-acogido-la-feria-aeronautica-lleidaairchallenge-con-un-60-mas-de-expositores\/","og_locale":"es_ES","og_type":"article","og_title":"El aeropuerto de Lleida-Alguaire ha acogido la feria aeron\u00e1utica LleidaAirChallenge con un 60% m\u00e1s de expositores - Aeroport de Lleida-Alguaire","og_description":"El aeropuerto de Lleida-Alguaire ha vivido, en 2018, el inicio de nuevos proyectos que han impulsado su actividad, tanto en el \u00e1mbito industrial, como en el de la formaci\u00f3n y en el del transporte de viajeros.","og_url":"https:\/\/aeroportlleida.cat\/es\/el-aeropuerto-de-lleida-alguaire-ha-acogido-la-feria-aeronautica-lleidaairchallenge-con-un-60-mas-de-expositores\/","og_site_name":"Aeroport de Lleida-Alguaire","article_published_time":"2019-06-14T11:30:51+00:00","article_modified_time":"2019-06-19T11:50:43+00:00","og_image":[{"width":832,"height":468,"url":"https:\/\/aeroportlleida.cat\/wp-content\/uploads\/2019\/06\/lleida-challenge.jpg","type":"image\/jpeg"}],"author":"Tecnic","twitter_card":"summary_large_image","twitter_misc":{"Escrito por":"Tecnic","Tiempo de lectura":"2 minutos"},"schema":{"@context":"https:\/\/schema.org","@graph":[{"@type":"Article","@id":"https:\/\/aeroportlleida.cat\/es\/el-aeropuerto-de-lleida-alguaire-ha-acogido-la-feria-aeronautica-lleidaairchallenge-con-un-60-mas-de-expositores\/#article","isPartOf":{"@id":"https:\/\/aeroportlleida.cat\/es\/el-aeropuerto-de-lleida-alguaire-ha-acogido-la-feria-aeronautica-lleidaairchallenge-con-un-60-mas-de-expositores\/"},"author":{"name":"Tecnic","@id":"https:\/\/aeroportlleida.cat\/#\/schema\/person\/8270911d351c62c23d8d6febb6cb2ae4"},"headline":"El aeropuerto de Lleida-Alguaire ha acogido la feria aeron\u00e1utica LleidaAirChallenge con un 60% m\u00e1s de expositores","datePublished":"2019-06-14T11:30:51+00:00","dateModified":"2019-06-19T11:50:43+00:00","mainEntityOfPage":{"@id":"https:\/\/aeroportlleida.cat\/es\/el-aeropuerto-de-lleida-alguaire-ha-acogido-la-feria-aeronautica-lleidaairchallenge-con-un-60-mas-de-expositores\/"},"wordCount":356,"commentCount":0,"publisher":{"@id":"https:\/\/aeroportlleida.cat\/#organization"},"image":{"@id":"https:\/\/aeroportlleida.cat\/es\/el-aeropuerto-de-lleida-alguaire-ha-acogido-la-feria-aeronautica-lleidaairchallenge-con-un-60-mas-de-expositores\/#primaryimage"},"thumbnailUrl":"https:\/\/aeroportlleida.cat\/wp-content\/uploads\/2019\/06\/lleida-challenge.jpg","articleSection":["noticies"],"inLanguage":"es"},{"@type":"WebPage","@id":"https:\/\/aeroportlleida.cat\/es\/el-aeropuerto-de-lleida-alguaire-ha-acogido-la-feria-aeronautica-lleidaairchallenge-con-un-60-mas-de-expositores\/","url":"https:\/\/aeroportlleida.cat\/es\/el-aeropuerto-de-lleida-alguaire-ha-acogido-la-feria-aeronautica-lleidaairchallenge-con-un-60-mas-de-expositores\/","name":"El aeropuerto de Lleida-Alguaire ha acogido la feria aeron\u00e1utica LleidaAirChallenge con un 60% m\u00e1s de expositores - Aeroport de Lleida-Alguaire","isPartOf":{"@id":"https:\/\/aeroportlleida.cat\/#website"},"primaryImageOfPage":{"@id":"https:\/\/aeroportlleida.cat\/es\/el-aeropuerto-de-lleida-alguaire-ha-acogido-la-feria-aeronautica-lleidaairchallenge-con-un-60-mas-de-expositores\/#primaryimage"},"image":{"@id":"https:\/\/aeroportlleida.cat\/es\/el-aeropuerto-de-lleida-alguaire-ha-acogido-la-feria-aeronautica-lleidaairchallenge-con-un-60-mas-de-expositores\/#primaryimage"},"thumbnailUrl":"https:\/\/aeroportlleida.cat\/wp-content\/uploads\/2019\/06\/lleida-challenge.jpg","datePublished":"2019-06-14T11:30:51+00:00","dateModified":"2019-06-19T11:50:43+00:00","breadcrumb":{"@id":"https:\/\/aeroportlleida.cat\/es\/el-aeropuerto-de-lleida-alguaire-ha-acogido-la-feria-aeronautica-lleidaairchallenge-con-un-60-mas-de-expositores\/#breadcrumb"},"inLanguage":"es","potentialAction":[{"@type":"ReadAction","target":["https:\/\/aeroportlleida.cat\/es\/el-aeropuerto-de-lleida-alguaire-ha-acogido-la-feria-aeronautica-lleidaairchallenge-con-un-60-mas-de-expositores\/"]}]},{"@type":"ImageObject","inLanguage":"es","@id":"https:\/\/aeroportlleida.cat\/es\/el-aeropuerto-de-lleida-alguaire-ha-acogido-la-feria-aeronautica-lleidaairchallenge-con-un-60-mas-de-expositores\/#primaryimage","url":"https:\/\/aeroportlleida.cat\/wp-content\/uploads\/2019\/06\/lleida-challenge.jpg","contentUrl":"https:\/\/aeroportlleida.cat\/wp-content\/uploads\/2019\/06\/lleida-challenge.jpg","width":832,"height":468},{"@type":"BreadcrumbList","@id":"https:\/\/aeroportlleida.cat\/es\/el-aeropuerto-de-lleida-alguaire-ha-acogido-la-feria-aeronautica-lleidaairchallenge-con-un-60-mas-de-expositores\/#breadcrumb","itemListElement":[{"@type":"ListItem","position":1,"name":"Inici","item":"https:\/\/aeroportlleida.cat\/es\/"},{"@type":"ListItem","position":2,"name":"El aeropuerto de Lleida-Alguaire ha acogido la feria aeron\u00e1utica LleidaAirChallenge con un 60% m\u00e1s de expositores"}]},{"@type":"WebSite","@id":"https:\/\/aeroportlleida.cat\/#website","url":"https:\/\/aeroportlleida.cat\/","name":"Aeroport de Lleida-Alguaire","description":"Aeropuerto de Lleida-Alguaire","publisher":{"@id":"https:\/\/aeroportlleida.cat\/#organization"},"potentialAction":[{"@type":"SearchAction","target":{"@type":"EntryPoint","urlTemplate":"https:\/\/aeroportlleida.cat\/?s={search_term_string}"},"query-input":{"@type":"PropertyValueSpecification","valueRequired":true,"valueName":"search_term_string"}}],"inLanguage":"es"},{"@type":"Organization","@id":"https:\/\/aeroportlleida.cat\/#organization","name":"Aeroport de Lleida","url":"https:\/\/aeroportlleida.cat\/","logo":{"@type":"ImageObject","inLanguage":"es","@id":"https:\/\/aeroportlleida.cat\/#\/schema\/logo\/image\/","url":"http:\/\/aeroportlleida.cat\/wp-content\/uploads\/2019\/04\/front-aero-lleida.jpg","contentUrl":"http:\/\/aeroportlleida.cat\/wp-content\/uploads\/2019\/04\/front-aero-lleida.jpg","width":2000,"height":950,"caption":"Aeroport de Lleida"},"image":{"@id":"https:\/\/aeroportlleida.cat\/#\/schema\/logo\/image\/"}},{"@type":"Person","@id":"https:\/\/aeroportlleida.cat\/#\/schema\/person\/8270911d351c62c23d8d6febb6cb2ae4","name":"Tecnic","image":{"@type":"ImageObject","inLanguage":"es","@id":"https:\/\/secure.gravatar.com\/avatar\/f04ae207245779a101cd8940a7ec3eb3caaade6242760e26c768820b9ff3626b?s=96&d=mm&r=g","url":"https:\/\/secure.gravatar.com\/avatar\/f04ae207245779a101cd8940a7ec3eb3caaade6242760e26c768820b9ff3626b?s=96&d=mm&r=g","contentUrl":"https:\/\/secure.gravatar.com\/avatar\/f04ae207245779a101cd8940a7ec3eb3caaade6242760e26c768820b9ff3626b?s=96&d=mm&r=g","caption":"Tecnic"},"url":"https:\/\/aeroportlleida.cat\/es\/author\/tecnic\/"}]}},"_links":{"self":[{"href":"https:\/\/aeroportlleida.cat\/es\/wp-json\/wp\/v2\/posts\/17594","targetHints":{"allow":["GET"]}}],"collection":[{"href":"https:\/\/aeroportlleida.cat\/es\/wp-json\/wp\/v2\/posts"}],"about":[{"href":"https:\/\/aeroportlleida.cat\/es\/wp-json\/wp\/v2\/types\/post"}],"author":[{"embeddable":true,"href":"https:\/\/aeroportlleida.cat\/es\/wp-json\/wp\/v2\/users\/8"}],"replies":[{"embeddable":true,"href":"https:\/\/aeroportlleida.cat\/es\/wp-json\/wp\/v2\/comments?post=17594"}],"version-history":[{"count":5,"href":"https:\/\/aeroportlleida.cat\/es\/wp-json\/wp\/v2\/posts\/17594\/revisions"}],"predecessor-version":[{"id":17816,"href":"https:\/\/aeroportlleida.cat\/es\/wp-json\/wp\/v2\/posts\/17594\/revisions\/17816"}],"wp:featuredmedia":[{"embeddable":true,"href":"https:\/\/aeroportlleida.cat\/es\/wp-json\/wp\/v2\/media\/17602"}],"wp:attachment":[{"href":"https:\/\/aeroportlleida.cat\/es\/wp-json\/wp\/v2\/media?parent=17594"}],"wp:term":[{"taxonomy":"category","embeddable":true,"href":"https:\/\/aeroportlleida.cat\/es\/wp-json\/wp\/v2\/categories?post=17594"},{"taxonomy":"post_tag","embeddable":true,"href":"https:\/\/aeroportlleida.cat\/es\/wp-json\/wp\/v2\/tags?post=17594"}],"curies":[{"name":"wp","href":"https:\/\/api.w.org\/{rel}","templated":true}]}}