{"id":17799,"date":"2018-12-14T11:11:40","date_gmt":"2018-12-14T11:11:40","guid":{"rendered":"http:\/\/www.aeroportlleida.cat.mialias.net\/el-aeropuerto-de-lleida-alguaire-inicia-la-temporada-de-invierno-con-el-primer-avion-procedente-de-londres\/"},"modified":"2019-06-19T11:52:14","modified_gmt":"2019-06-19T11:52:14","slug":"el-aeropuerto-de-lleida-alguaire-inicia-la-temporada-de-invierno-con-el-primer-avion-procedente-de-londres","status":"publish","type":"post","link":"https:\/\/aeroportlleida.cat\/es\/el-aeropuerto-de-lleida-alguaire-inicia-la-temporada-de-invierno-con-el-primer-avion-procedente-de-londres\/","title":{"rendered":"El aeropuerto de Lleida-Alguaire inicia la temporada de invierno con el primer avi\u00f3n procedente de Londres"},"content":{"rendered":"<p>El aeropuerto de Lleida-Alguaire ha recibido el domingo 16 de diciembre el primer avi\u00f3n que inicia la temporada de invierno. Es el vuelo de Neilson procedente de Londres Gatwick ha llegado a las 9.20h con 113 pasajeros y marchar\u00e1 vac\u00edo. Con este primer avi\u00f3n empiezan las conexiones con el Reino Unido. A partir del primer domingo de febrero, se a\u00f1adir\u00e1n los aviones provenientes de Suecia. En total, la programaci\u00f3n de invierno prev\u00e9 que se realicen en el aeropuerto 192 operaciones, que se sumar\u00e1n las 72 operaciones de los vuelos regulares que recibe la instalaci\u00f3n leridana todo el a\u00f1o.<\/p>\n<p>El grueso de la temporada de invierno, sin embargo, comenzar\u00e1 el pr\u00f3ximo domingo, d\u00eda 23, en que ya llegar\u00e1n los cinco aviones de Neilson procedentes de Londres Gatwick, Londres Stansted, Manchester, Bristol y Birmingham. A partir de entonces, la compa\u00f1\u00eda traer\u00e1 cinco vuelos cada domingo con pasajeros procedentes del Reino Unido. Los de Bristol y Birmingham acabar\u00e1n el 24 de marzo y el resto lo har\u00e1n el 14 de abril.<\/p>\n<p>Los aviones de Neilson que vienen de London Gatwick y Manchester tienen una capacidad de 220 pasajeros los que provienen de London Stansted tienen una capacidad de  180 y los de Birmingham y Bristol 78 pasajeros.<\/p>\n<p>A partir del mes de febrero, concretamente el domingo 3, se sumar\u00e1 la compa\u00f1\u00eda Quality Travel, con la llegada de un avi\u00f3n procedente de Kalmar (Suecia). Y a partir del 17 de ese mes y hasta el 24 de marzo, llegar\u00e1n dos, de la misma compa\u00f1\u00eda, con pasajeros procedentes de diferentes ciudades de Suecia: Link\u00f6ping, Kalmar, Goteborg, V\u00e4xj\u00f6, Estocolmo, Malm\u00f6 y J\u00f6nk\u00f6ping. Los aviones que lleva Quality Travel son 737-800, de 180 pasajeros.<\/p>\n<p>Este a\u00f1o la temporada de invierno se alargar\u00e1 durante 18 fines de semana ya que los vuelos de Manchester, Londres Gatwick y Londres Stansted se realizar\u00e1n hasta el 14 de abril.<\/p>\n","protected":false},"excerpt":{"rendered":"<p>El aeropuerto de Lleida-Alguaire ha recibido el domingo 16 de diciembre el primer avi\u00f3n que inicia la temporada de invierno. <\/p>\n","protected":false},"author":8,"featured_media":16615,"comment_status":"open","ping_status":"open","sticky":false,"template":"","format":"standard","meta":{"footnotes":""},"categories":[90],"tags":[],"class_list":["post-17799","post","type-post","status-publish","format-standard","has-post-thumbnail","hentry","category-noticies-es"],"yoast_head":"<!-- This site is optimized with the Yoast SEO plugin v27.5 - https:\/\/yoast.com\/product\/yoast-seo-wordpress\/ -->\n<title>El aeropuerto de Lleida-Alguaire inicia la temporada de invierno con el primer avi\u00f3n procedente de Londres - Aeroport de Lleida-Alguaire<\/title>\n<meta name=\"robots\" content=\"index, follow, max-snippet:-1, max-image-preview:large, max-video-preview:-1\" \/>\n<link rel=\"canonical\" href=\"https:\/\/aeroportlleida.cat\/es\/el-aeropuerto-de-lleida-alguaire-inicia-la-temporada-de-invierno-con-el-primer-avion-procedente-de-londres\/\" \/>\n<meta property=\"og:locale\" content=\"es_ES\" \/>\n<meta property=\"og:type\" content=\"article\" \/>\n<meta property=\"og:title\" content=\"El aeropuerto de Lleida-Alguaire inicia la temporada de invierno con el primer avi\u00f3n procedente de Londres - Aeroport de Lleida-Alguaire\" \/>\n<meta property=\"og:description\" content=\"El aeropuerto de Lleida-Alguaire ha recibido el domingo 16 de diciembre el primer avi\u00f3n que inicia la temporada de invierno.\" \/>\n<meta property=\"og:url\" content=\"https:\/\/aeroportlleida.cat\/es\/el-aeropuerto-de-lleida-alguaire-inicia-la-temporada-de-invierno-con-el-primer-avion-procedente-de-londres\/\" \/>\n<meta property=\"og:site_name\" content=\"Aeroport de Lleida-Alguaire\" \/>\n<meta property=\"article:published_time\" content=\"2018-12-14T11:11:40+00:00\" \/>\n<meta property=\"article:modified_time\" content=\"2019-06-19T11:52:14+00:00\" \/>\n<meta property=\"og:image\" content=\"https:\/\/aeroportlleida.cat\/wp-content\/uploads\/2019\/02\/primervolhivern.jpg_223078711.jpg\" \/>\n\t<meta property=\"og:image:width\" content=\"832\" \/>\n\t<meta property=\"og:image:height\" content=\"468\" \/>\n\t<meta property=\"og:image:type\" content=\"image\/jpeg\" \/>\n<meta name=\"author\" content=\"Tecnic\" \/>\n<meta name=\"twitter:card\" content=\"summary_large_image\" \/>\n<meta name=\"twitter:label1\" content=\"Escrito por\" \/>\n\t<meta name=\"twitter:data1\" content=\"Tecnic\" \/>\n\t<meta name=\"twitter:label2\" content=\"Tiempo de lectura\" \/>\n\t<meta name=\"twitter:data2\" content=\"2 minutos\" \/>\n<script type=\"application\/ld+json\" class=\"yoast-schema-graph\">{\"@context\":\"https:\\\/\\\/schema.org\",\"@graph\":[{\"@type\":\"Article\",\"@id\":\"https:\\\/\\\/aeroportlleida.cat\\\/es\\\/el-aeropuerto-de-lleida-alguaire-inicia-la-temporada-de-invierno-con-el-primer-avion-procedente-de-londres\\\/#article\",\"isPartOf\":{\"@id\":\"https:\\\/\\\/aeroportlleida.cat\\\/es\\\/el-aeropuerto-de-lleida-alguaire-inicia-la-temporada-de-invierno-con-el-primer-avion-procedente-de-londres\\\/\"},\"author\":{\"name\":\"Tecnic\",\"@id\":\"https:\\\/\\\/aeroportlleida.cat\\\/#\\\/schema\\\/person\\\/8270911d351c62c23d8d6febb6cb2ae4\"},\"headline\":\"El aeropuerto de Lleida-Alguaire inicia la temporada de invierno con el primer avi\u00f3n procedente de Londres\",\"datePublished\":\"2018-12-14T11:11:40+00:00\",\"dateModified\":\"2019-06-19T11:52:14+00:00\",\"mainEntityOfPage\":{\"@id\":\"https:\\\/\\\/aeroportlleida.cat\\\/es\\\/el-aeropuerto-de-lleida-alguaire-inicia-la-temporada-de-invierno-con-el-primer-avion-procedente-de-londres\\\/\"},\"wordCount\":334,\"commentCount\":0,\"publisher\":{\"@id\":\"https:\\\/\\\/aeroportlleida.cat\\\/#organization\"},\"image\":{\"@id\":\"https:\\\/\\\/aeroportlleida.cat\\\/es\\\/el-aeropuerto-de-lleida-alguaire-inicia-la-temporada-de-invierno-con-el-primer-avion-procedente-de-londres\\\/#primaryimage\"},\"thumbnailUrl\":\"https:\\\/\\\/aeroportlleida.cat\\\/wp-content\\\/uploads\\\/2019\\\/02\\\/primervolhivern.jpg_223078711.jpg\",\"articleSection\":[\"noticies\"],\"inLanguage\":\"es\"},{\"@type\":\"WebPage\",\"@id\":\"https:\\\/\\\/aeroportlleida.cat\\\/es\\\/el-aeropuerto-de-lleida-alguaire-inicia-la-temporada-de-invierno-con-el-primer-avion-procedente-de-londres\\\/\",\"url\":\"https:\\\/\\\/aeroportlleida.cat\\\/es\\\/el-aeropuerto-de-lleida-alguaire-inicia-la-temporada-de-invierno-con-el-primer-avion-procedente-de-londres\\\/\",\"name\":\"El aeropuerto de Lleida-Alguaire inicia la temporada de invierno con el primer avi\u00f3n procedente de Londres - Aeroport de Lleida-Alguaire\",\"isPartOf\":{\"@id\":\"https:\\\/\\\/aeroportlleida.cat\\\/#website\"},\"primaryImageOfPage\":{\"@id\":\"https:\\\/\\\/aeroportlleida.cat\\\/es\\\/el-aeropuerto-de-lleida-alguaire-inicia-la-temporada-de-invierno-con-el-primer-avion-procedente-de-londres\\\/#primaryimage\"},\"image\":{\"@id\":\"https:\\\/\\\/aeroportlleida.cat\\\/es\\\/el-aeropuerto-de-lleida-alguaire-inicia-la-temporada-de-invierno-con-el-primer-avion-procedente-de-londres\\\/#primaryimage\"},\"thumbnailUrl\":\"https:\\\/\\\/aeroportlleida.cat\\\/wp-content\\\/uploads\\\/2019\\\/02\\\/primervolhivern.jpg_223078711.jpg\",\"datePublished\":\"2018-12-14T11:11:40+00:00\",\"dateModified\":\"2019-06-19T11:52:14+00:00\",\"breadcrumb\":{\"@id\":\"https:\\\/\\\/aeroportlleida.cat\\\/es\\\/el-aeropuerto-de-lleida-alguaire-inicia-la-temporada-de-invierno-con-el-primer-avion-procedente-de-londres\\\/#breadcrumb\"},\"inLanguage\":\"es\",\"potentialAction\":[{\"@type\":\"ReadAction\",\"target\":[\"https:\\\/\\\/aeroportlleida.cat\\\/es\\\/el-aeropuerto-de-lleida-alguaire-inicia-la-temporada-de-invierno-con-el-primer-avion-procedente-de-londres\\\/\"]}]},{\"@type\":\"ImageObject\",\"inLanguage\":\"es\",\"@id\":\"https:\\\/\\\/aeroportlleida.cat\\\/es\\\/el-aeropuerto-de-lleida-alguaire-inicia-la-temporada-de-invierno-con-el-primer-avion-procedente-de-londres\\\/#primaryimage\",\"url\":\"https:\\\/\\\/aeroportlleida.cat\\\/wp-content\\\/uploads\\\/2019\\\/02\\\/primervolhivern.jpg_223078711.jpg\",\"contentUrl\":\"https:\\\/\\\/aeroportlleida.cat\\\/wp-content\\\/uploads\\\/2019\\\/02\\\/primervolhivern.jpg_223078711.jpg\",\"width\":832,\"height\":468},{\"@type\":\"BreadcrumbList\",\"@id\":\"https:\\\/\\\/aeroportlleida.cat\\\/es\\\/el-aeropuerto-de-lleida-alguaire-inicia-la-temporada-de-invierno-con-el-primer-avion-procedente-de-londres\\\/#breadcrumb\",\"itemListElement\":[{\"@type\":\"ListItem\",\"position\":1,\"name\":\"Inici\",\"item\":\"https:\\\/\\\/aeroportlleida.cat\\\/es\\\/\"},{\"@type\":\"ListItem\",\"position\":2,\"name\":\"El aeropuerto de Lleida-Alguaire inicia la temporada de invierno con el primer avi\u00f3n procedente de Londres\"}]},{\"@type\":\"WebSite\",\"@id\":\"https:\\\/\\\/aeroportlleida.cat\\\/#website\",\"url\":\"https:\\\/\\\/aeroportlleida.cat\\\/\",\"name\":\"Aeroport de Lleida-Alguaire\",\"description\":\"Aeropuerto de Lleida-Alguaire\",\"publisher\":{\"@id\":\"https:\\\/\\\/aeroportlleida.cat\\\/#organization\"},\"potentialAction\":[{\"@type\":\"SearchAction\",\"target\":{\"@type\":\"EntryPoint\",\"urlTemplate\":\"https:\\\/\\\/aeroportlleida.cat\\\/?s={search_term_string}\"},\"query-input\":{\"@type\":\"PropertyValueSpecification\",\"valueRequired\":true,\"valueName\":\"search_term_string\"}}],\"inLanguage\":\"es\"},{\"@type\":\"Organization\",\"@id\":\"https:\\\/\\\/aeroportlleida.cat\\\/#organization\",\"name\":\"Aeroport de Lleida\",\"url\":\"https:\\\/\\\/aeroportlleida.cat\\\/\",\"logo\":{\"@type\":\"ImageObject\",\"inLanguage\":\"es\",\"@id\":\"https:\\\/\\\/aeroportlleida.cat\\\/#\\\/schema\\\/logo\\\/image\\\/\",\"url\":\"http:\\\/\\\/aeroportlleida.cat\\\/wp-content\\\/uploads\\\/2019\\\/04\\\/front-aero-lleida.jpg\",\"contentUrl\":\"http:\\\/\\\/aeroportlleida.cat\\\/wp-content\\\/uploads\\\/2019\\\/04\\\/front-aero-lleida.jpg\",\"width\":2000,\"height\":950,\"caption\":\"Aeroport de Lleida\"},\"image\":{\"@id\":\"https:\\\/\\\/aeroportlleida.cat\\\/#\\\/schema\\\/logo\\\/image\\\/\"}},{\"@type\":\"Person\",\"@id\":\"https:\\\/\\\/aeroportlleida.cat\\\/#\\\/schema\\\/person\\\/8270911d351c62c23d8d6febb6cb2ae4\",\"name\":\"Tecnic\",\"image\":{\"@type\":\"ImageObject\",\"inLanguage\":\"es\",\"@id\":\"https:\\\/\\\/secure.gravatar.com\\\/avatar\\\/f04ae207245779a101cd8940a7ec3eb3caaade6242760e26c768820b9ff3626b?s=96&d=mm&r=g\",\"url\":\"https:\\\/\\\/secure.gravatar.com\\\/avatar\\\/f04ae207245779a101cd8940a7ec3eb3caaade6242760e26c768820b9ff3626b?s=96&d=mm&r=g\",\"contentUrl\":\"https:\\\/\\\/secure.gravatar.com\\\/avatar\\\/f04ae207245779a101cd8940a7ec3eb3caaade6242760e26c768820b9ff3626b?s=96&d=mm&r=g\",\"caption\":\"Tecnic\"},\"url\":\"https:\\\/\\\/aeroportlleida.cat\\\/es\\\/author\\\/tecnic\\\/\"}]}<\/script>\n<!-- \/ Yoast SEO plugin. -->","yoast_head_json":{"title":"El aeropuerto de Lleida-Alguaire inicia la temporada de invierno con el primer avi\u00f3n procedente de Londres - Aeroport de Lleida-Alguaire","robots":{"index":"index","follow":"follow","max-snippet":"max-snippet:-1","max-image-preview":"max-image-preview:large","max-video-preview":"max-video-preview:-1"},"canonical":"https:\/\/aeroportlleida.cat\/es\/el-aeropuerto-de-lleida-alguaire-inicia-la-temporada-de-invierno-con-el-primer-avion-procedente-de-londres\/","og_locale":"es_ES","og_type":"article","og_title":"El aeropuerto de Lleida-Alguaire inicia la temporada de invierno con el primer avi\u00f3n procedente de Londres - Aeroport de Lleida-Alguaire","og_description":"El aeropuerto de Lleida-Alguaire ha recibido el domingo 16 de diciembre el primer avi\u00f3n que inicia la temporada de invierno.","og_url":"https:\/\/aeroportlleida.cat\/es\/el-aeropuerto-de-lleida-alguaire-inicia-la-temporada-de-invierno-con-el-primer-avion-procedente-de-londres\/","og_site_name":"Aeroport de Lleida-Alguaire","article_published_time":"2018-12-14T11:11:40+00:00","article_modified_time":"2019-06-19T11:52:14+00:00","og_image":[{"width":832,"height":468,"url":"https:\/\/aeroportlleida.cat\/wp-content\/uploads\/2019\/02\/primervolhivern.jpg_223078711.jpg","type":"image\/jpeg"}],"author":"Tecnic","twitter_card":"summary_large_image","twitter_misc":{"Escrito por":"Tecnic","Tiempo de lectura":"2 minutos"},"schema":{"@context":"https:\/\/schema.org","@graph":[{"@type":"Article","@id":"https:\/\/aeroportlleida.cat\/es\/el-aeropuerto-de-lleida-alguaire-inicia-la-temporada-de-invierno-con-el-primer-avion-procedente-de-londres\/#article","isPartOf":{"@id":"https:\/\/aeroportlleida.cat\/es\/el-aeropuerto-de-lleida-alguaire-inicia-la-temporada-de-invierno-con-el-primer-avion-procedente-de-londres\/"},"author":{"name":"Tecnic","@id":"https:\/\/aeroportlleida.cat\/#\/schema\/person\/8270911d351c62c23d8d6febb6cb2ae4"},"headline":"El aeropuerto de Lleida-Alguaire inicia la temporada de invierno con el primer avi\u00f3n procedente de Londres","datePublished":"2018-12-14T11:11:40+00:00","dateModified":"2019-06-19T11:52:14+00:00","mainEntityOfPage":{"@id":"https:\/\/aeroportlleida.cat\/es\/el-aeropuerto-de-lleida-alguaire-inicia-la-temporada-de-invierno-con-el-primer-avion-procedente-de-londres\/"},"wordCount":334,"commentCount":0,"publisher":{"@id":"https:\/\/aeroportlleida.cat\/#organization"},"image":{"@id":"https:\/\/aeroportlleida.cat\/es\/el-aeropuerto-de-lleida-alguaire-inicia-la-temporada-de-invierno-con-el-primer-avion-procedente-de-londres\/#primaryimage"},"thumbnailUrl":"https:\/\/aeroportlleida.cat\/wp-content\/uploads\/2019\/02\/primervolhivern.jpg_223078711.jpg","articleSection":["noticies"],"inLanguage":"es"},{"@type":"WebPage","@id":"https:\/\/aeroportlleida.cat\/es\/el-aeropuerto-de-lleida-alguaire-inicia-la-temporada-de-invierno-con-el-primer-avion-procedente-de-londres\/","url":"https:\/\/aeroportlleida.cat\/es\/el-aeropuerto-de-lleida-alguaire-inicia-la-temporada-de-invierno-con-el-primer-avion-procedente-de-londres\/","name":"El aeropuerto de Lleida-Alguaire inicia la temporada de invierno con el primer avi\u00f3n procedente de Londres - Aeroport de Lleida-Alguaire","isPartOf":{"@id":"https:\/\/aeroportlleida.cat\/#website"},"primaryImageOfPage":{"@id":"https:\/\/aeroportlleida.cat\/es\/el-aeropuerto-de-lleida-alguaire-inicia-la-temporada-de-invierno-con-el-primer-avion-procedente-de-londres\/#primaryimage"},"image":{"@id":"https:\/\/aeroportlleida.cat\/es\/el-aeropuerto-de-lleida-alguaire-inicia-la-temporada-de-invierno-con-el-primer-avion-procedente-de-londres\/#primaryimage"},"thumbnailUrl":"https:\/\/aeroportlleida.cat\/wp-content\/uploads\/2019\/02\/primervolhivern.jpg_223078711.jpg","datePublished":"2018-12-14T11:11:40+00:00","dateModified":"2019-06-19T11:52:14+00:00","breadcrumb":{"@id":"https:\/\/aeroportlleida.cat\/es\/el-aeropuerto-de-lleida-alguaire-inicia-la-temporada-de-invierno-con-el-primer-avion-procedente-de-londres\/#breadcrumb"},"inLanguage":"es","potentialAction":[{"@type":"ReadAction","target":["https:\/\/aeroportlleida.cat\/es\/el-aeropuerto-de-lleida-alguaire-inicia-la-temporada-de-invierno-con-el-primer-avion-procedente-de-londres\/"]}]},{"@type":"ImageObject","inLanguage":"es","@id":"https:\/\/aeroportlleida.cat\/es\/el-aeropuerto-de-lleida-alguaire-inicia-la-temporada-de-invierno-con-el-primer-avion-procedente-de-londres\/#primaryimage","url":"https:\/\/aeroportlleida.cat\/wp-content\/uploads\/2019\/02\/primervolhivern.jpg_223078711.jpg","contentUrl":"https:\/\/aeroportlleida.cat\/wp-content\/uploads\/2019\/02\/primervolhivern.jpg_223078711.jpg","width":832,"height":468},{"@type":"BreadcrumbList","@id":"https:\/\/aeroportlleida.cat\/es\/el-aeropuerto-de-lleida-alguaire-inicia-la-temporada-de-invierno-con-el-primer-avion-procedente-de-londres\/#breadcrumb","itemListElement":[{"@type":"ListItem","position":1,"name":"Inici","item":"https:\/\/aeroportlleida.cat\/es\/"},{"@type":"ListItem","position":2,"name":"El aeropuerto de Lleida-Alguaire inicia la temporada de invierno con el primer avi\u00f3n procedente de Londres"}]},{"@type":"WebSite","@id":"https:\/\/aeroportlleida.cat\/#website","url":"https:\/\/aeroportlleida.cat\/","name":"Aeroport de Lleida-Alguaire","description":"Aeropuerto de Lleida-Alguaire","publisher":{"@id":"https:\/\/aeroportlleida.cat\/#organization"},"potentialAction":[{"@type":"SearchAction","target":{"@type":"EntryPoint","urlTemplate":"https:\/\/aeroportlleida.cat\/?s={search_term_string}"},"query-input":{"@type":"PropertyValueSpecification","valueRequired":true,"valueName":"search_term_string"}}],"inLanguage":"es"},{"@type":"Organization","@id":"https:\/\/aeroportlleida.cat\/#organization","name":"Aeroport de Lleida","url":"https:\/\/aeroportlleida.cat\/","logo":{"@type":"ImageObject","inLanguage":"es","@id":"https:\/\/aeroportlleida.cat\/#\/schema\/logo\/image\/","url":"http:\/\/aeroportlleida.cat\/wp-content\/uploads\/2019\/04\/front-aero-lleida.jpg","contentUrl":"http:\/\/aeroportlleida.cat\/wp-content\/uploads\/2019\/04\/front-aero-lleida.jpg","width":2000,"height":950,"caption":"Aeroport de Lleida"},"image":{"@id":"https:\/\/aeroportlleida.cat\/#\/schema\/logo\/image\/"}},{"@type":"Person","@id":"https:\/\/aeroportlleida.cat\/#\/schema\/person\/8270911d351c62c23d8d6febb6cb2ae4","name":"Tecnic","image":{"@type":"ImageObject","inLanguage":"es","@id":"https:\/\/secure.gravatar.com\/avatar\/f04ae207245779a101cd8940a7ec3eb3caaade6242760e26c768820b9ff3626b?s=96&d=mm&r=g","url":"https:\/\/secure.gravatar.com\/avatar\/f04ae207245779a101cd8940a7ec3eb3caaade6242760e26c768820b9ff3626b?s=96&d=mm&r=g","contentUrl":"https:\/\/secure.gravatar.com\/avatar\/f04ae207245779a101cd8940a7ec3eb3caaade6242760e26c768820b9ff3626b?s=96&d=mm&r=g","caption":"Tecnic"},"url":"https:\/\/aeroportlleida.cat\/es\/author\/tecnic\/"}]}},"_links":{"self":[{"href":"https:\/\/aeroportlleida.cat\/es\/wp-json\/wp\/v2\/posts\/17799","targetHints":{"allow":["GET"]}}],"collection":[{"href":"https:\/\/aeroportlleida.cat\/es\/wp-json\/wp\/v2\/posts"}],"about":[{"href":"https:\/\/aeroportlleida.cat\/es\/wp-json\/wp\/v2\/types\/post"}],"author":[{"embeddable":true,"href":"https:\/\/aeroportlleida.cat\/es\/wp-json\/wp\/v2\/users\/8"}],"replies":[{"embeddable":true,"href":"https:\/\/aeroportlleida.cat\/es\/wp-json\/wp\/v2\/comments?post=17799"}],"version-history":[{"count":2,"href":"https:\/\/aeroportlleida.cat\/es\/wp-json\/wp\/v2\/posts\/17799\/revisions"}],"predecessor-version":[{"id":17801,"href":"https:\/\/aeroportlleida.cat\/es\/wp-json\/wp\/v2\/posts\/17799\/revisions\/17801"}],"wp:featuredmedia":[{"embeddable":true,"href":"https:\/\/aeroportlleida.cat\/es\/wp-json\/wp\/v2\/media\/16615"}],"wp:attachment":[{"href":"https:\/\/aeroportlleida.cat\/es\/wp-json\/wp\/v2\/media?parent=17799"}],"wp:term":[{"taxonomy":"category","embeddable":true,"href":"https:\/\/aeroportlleida.cat\/es\/wp-json\/wp\/v2\/categories?post=17799"},{"taxonomy":"post_tag","embeddable":true,"href":"https:\/\/aeroportlleida.cat\/es\/wp-json\/wp\/v2\/tags?post=17799"}],"curies":[{"name":"wp","href":"https:\/\/api.w.org\/{rel}","templated":true}]}}