{"id":17820,"date":"2018-10-17T08:29:29","date_gmt":"2018-10-17T08:29:29","guid":{"rendered":"http:\/\/www.aeroportlleida.cat.mialias.net\/se-ha-reunido-la-mesa-estrategica-del-aeropuerto-de-lleida-alguaire\/"},"modified":"2019-06-25T09:11:47","modified_gmt":"2019-06-25T09:11:47","slug":"se-ha-reunido-la-mesa-estrategica-del-aeropuerto-de-lleida-alguaire","status":"publish","type":"post","link":"https:\/\/aeroportlleida.cat\/es\/se-ha-reunido-la-mesa-estrategica-del-aeropuerto-de-lleida-alguaire\/","title":{"rendered":"Se ha reunido la Mesa Estrat\u00e9gica del aeropuerto de Lleida-Alguaire"},"content":{"rendered":"<p>La instalaci\u00f3n leridana ha llegado al mes de septiembre con m\u00e1s de 33 mil pasajeros, cifra que supera no s\u00f3lo los 26.000 del mismo per\u00edodo del a\u00f1o pasado sino que sobrepasa ampliamente los 30.000 usuarios de todo el 2017. La Tabla estrat\u00e9gica est\u00e1 formada por la Generalitat, la Diputaci\u00f3n de Lleida, el Consejo Comarcal del Segri\u00e0, los ayuntamientos de Lleida, Alguaire, Torrefarrera y la C\u00e1mara de Comercio de Lleida.<\/p>\n<p>El aumento de pasajeros se debe a que este pasado invierno, adem\u00e1s de los vuelos de Neilson ha habido los del touroperador sueco Quality Travel y tambi\u00e9n los de la Imserso. Las cifras tambi\u00e9n hacen intuir un cierre de a\u00f1o con un incremento significativo de pasajeros. Con respecto exclusivamente a la temporada de verano (del 20 de julio al 2 de septiembre), el n\u00famero de pasajeros ha sido de 2.314, cifra muy similar a la de la temporada anterior (3.274). Como cada a\u00f1o, se contabilizan los tres vuelos de la compa\u00f1\u00eda Air Nostrum: en Palma de Mallorca, Ibiza y Mah\u00f3n.<\/p>\n<p>El aeropuerto se prepara ya para la temporada de invierno, donde continuar\u00e1n operando los mismos touroperadores del a\u00f1o pasado. Neilson llevar\u00e1 pasajeros ingleses provenientes de Manchester, Gatwick Londres y Stansted Londres. Una de las compa\u00f1\u00edas a\u00e9reas que trabaja para Neilson, Jet2, ofrecer\u00e1 billetes desde Lleida a Stansted cada domingo.<\/p>\n<p>Quality Travel mantendr\u00e1 los vuelos con pasajeros provenientes de diferentes ciudades suecas y este a\u00f1o, como novedad, incorpora destinos de esqu\u00ed de Vielha. Finalmente, la Imserso, tras el \u00e9xito de principios de a\u00f1o, har\u00e1 vuelos este octubre y noviembre a Mah\u00f3n.<\/p>\n<p>Durante la reuni\u00f3n tambi\u00e9n se ha explicado la incorporaci\u00f3n de nuevas empresas en el aeropuerto durante esta temporada. La m\u00e1s importante es BAA, la escuela de formaci\u00f3n de pilotos l\u00edder en Europa perteneciente al grupo Avia Solutions, que prev\u00e9 utilizar el aeropuerto de Lleida como su base de formaci\u00f3n en Europa. Otras empresas que utilizan el aeropuerto como base es Cosmic Research, que hace pruebas de lanzamiento de cohetes en colaboraci\u00f3n con la UPC, y Flightline, con un convenio firmado para basar la empresa de transporte de carga urgente. Vueling y Air Nostrum siguen utilizando la pista del aeropuerto para hacer formaci\u00f3n de despegues y aterrizajes a los pilotos.<\/p>\n<p>Tambi\u00e9n se ha valorado positivamente que la infraestructura sirva de base para actividades en el territorio: la Fiesta del Cielo, la carrera de 10 kil\u00f3metros en el aeropuerto o la feria aeron\u00e1utica Lleidaairchallenge.<\/p>\n","protected":false},"excerpt":{"rendered":"<p>Se ha reunido la Mesa Estrat\u00e9gica del aeropuerto de Lleida-Alguaire y ha presentado la cifra de pasajeros hasta septiembre que supera la cifra de pasajeros de todo el 2017<\/p>\n","protected":false},"author":8,"featured_media":16665,"comment_status":"open","ping_status":"open","sticky":false,"template":"","format":"standard","meta":{"footnotes":""},"categories":[90],"tags":[],"class_list":["post-17820","post","type-post","status-publish","format-standard","has-post-thumbnail","hentry","category-noticies-es"],"yoast_head":"<!-- This site is optimized with the Yoast SEO plugin v27.5 - https:\/\/yoast.com\/product\/yoast-seo-wordpress\/ -->\n<title>Se ha reunido la Mesa Estrat\u00e9gica del aeropuerto de Lleida-Alguaire - Aeroport de Lleida-Alguaire<\/title>\n<meta name=\"robots\" content=\"index, follow, max-snippet:-1, max-image-preview:large, max-video-preview:-1\" \/>\n<link rel=\"canonical\" href=\"https:\/\/aeroportlleida.cat\/es\/se-ha-reunido-la-mesa-estrategica-del-aeropuerto-de-lleida-alguaire\/\" \/>\n<meta property=\"og:locale\" content=\"es_ES\" \/>\n<meta property=\"og:type\" content=\"article\" \/>\n<meta property=\"og:title\" content=\"Se ha reunido la Mesa Estrat\u00e9gica del aeropuerto de Lleida-Alguaire - Aeroport de Lleida-Alguaire\" \/>\n<meta property=\"og:description\" content=\"Se ha reunido la Mesa Estrat\u00e9gica del aeropuerto de Lleida-Alguaire y ha presentado la cifra de pasajeros hasta septiembre que supera la cifra de pasajeros de todo el 2017\" \/>\n<meta property=\"og:url\" content=\"https:\/\/aeroportlleida.cat\/es\/se-ha-reunido-la-mesa-estrategica-del-aeropuerto-de-lleida-alguaire\/\" \/>\n<meta property=\"og:site_name\" content=\"Aeroport de Lleida-Alguaire\" \/>\n<meta property=\"article:published_time\" content=\"2018-10-17T08:29:29+00:00\" \/>\n<meta property=\"article:modified_time\" content=\"2019-06-25T09:11:47+00:00\" \/>\n<meta property=\"og:image\" content=\"https:\/\/aeroportlleida.cat\/wp-content\/uploads\/2018\/10\/visitants-ok.jpg\" \/>\n\t<meta property=\"og:image:width\" content=\"832\" \/>\n\t<meta property=\"og:image:height\" content=\"468\" \/>\n\t<meta property=\"og:image:type\" content=\"image\/jpeg\" \/>\n<meta name=\"author\" content=\"Tecnic\" \/>\n<meta name=\"twitter:card\" content=\"summary_large_image\" \/>\n<meta name=\"twitter:label1\" content=\"Escrito por\" \/>\n\t<meta name=\"twitter:data1\" content=\"Tecnic\" \/>\n\t<meta name=\"twitter:label2\" content=\"Tiempo de lectura\" \/>\n\t<meta name=\"twitter:data2\" content=\"2 minutos\" \/>\n<script type=\"application\/ld+json\" class=\"yoast-schema-graph\">{\"@context\":\"https:\\\/\\\/schema.org\",\"@graph\":[{\"@type\":\"Article\",\"@id\":\"https:\\\/\\\/aeroportlleida.cat\\\/es\\\/se-ha-reunido-la-mesa-estrategica-del-aeropuerto-de-lleida-alguaire\\\/#article\",\"isPartOf\":{\"@id\":\"https:\\\/\\\/aeroportlleida.cat\\\/es\\\/se-ha-reunido-la-mesa-estrategica-del-aeropuerto-de-lleida-alguaire\\\/\"},\"author\":{\"name\":\"Tecnic\",\"@id\":\"https:\\\/\\\/aeroportlleida.cat\\\/#\\\/schema\\\/person\\\/8270911d351c62c23d8d6febb6cb2ae4\"},\"headline\":\"Se ha reunido la Mesa Estrat\u00e9gica del aeropuerto de Lleida-Alguaire\",\"datePublished\":\"2018-10-17T08:29:29+00:00\",\"dateModified\":\"2019-06-25T09:11:47+00:00\",\"mainEntityOfPage\":{\"@id\":\"https:\\\/\\\/aeroportlleida.cat\\\/es\\\/se-ha-reunido-la-mesa-estrategica-del-aeropuerto-de-lleida-alguaire\\\/\"},\"wordCount\":438,\"commentCount\":0,\"publisher\":{\"@id\":\"https:\\\/\\\/aeroportlleida.cat\\\/#organization\"},\"image\":{\"@id\":\"https:\\\/\\\/aeroportlleida.cat\\\/es\\\/se-ha-reunido-la-mesa-estrategica-del-aeropuerto-de-lleida-alguaire\\\/#primaryimage\"},\"thumbnailUrl\":\"https:\\\/\\\/aeroportlleida.cat\\\/wp-content\\\/uploads\\\/2018\\\/10\\\/visitants-ok.jpg\",\"articleSection\":[\"noticies\"],\"inLanguage\":\"es\"},{\"@type\":\"WebPage\",\"@id\":\"https:\\\/\\\/aeroportlleida.cat\\\/es\\\/se-ha-reunido-la-mesa-estrategica-del-aeropuerto-de-lleida-alguaire\\\/\",\"url\":\"https:\\\/\\\/aeroportlleida.cat\\\/es\\\/se-ha-reunido-la-mesa-estrategica-del-aeropuerto-de-lleida-alguaire\\\/\",\"name\":\"Se ha reunido la Mesa Estrat\u00e9gica del aeropuerto de Lleida-Alguaire - Aeroport de Lleida-Alguaire\",\"isPartOf\":{\"@id\":\"https:\\\/\\\/aeroportlleida.cat\\\/#website\"},\"primaryImageOfPage\":{\"@id\":\"https:\\\/\\\/aeroportlleida.cat\\\/es\\\/se-ha-reunido-la-mesa-estrategica-del-aeropuerto-de-lleida-alguaire\\\/#primaryimage\"},\"image\":{\"@id\":\"https:\\\/\\\/aeroportlleida.cat\\\/es\\\/se-ha-reunido-la-mesa-estrategica-del-aeropuerto-de-lleida-alguaire\\\/#primaryimage\"},\"thumbnailUrl\":\"https:\\\/\\\/aeroportlleida.cat\\\/wp-content\\\/uploads\\\/2018\\\/10\\\/visitants-ok.jpg\",\"datePublished\":\"2018-10-17T08:29:29+00:00\",\"dateModified\":\"2019-06-25T09:11:47+00:00\",\"breadcrumb\":{\"@id\":\"https:\\\/\\\/aeroportlleida.cat\\\/es\\\/se-ha-reunido-la-mesa-estrategica-del-aeropuerto-de-lleida-alguaire\\\/#breadcrumb\"},\"inLanguage\":\"es\",\"potentialAction\":[{\"@type\":\"ReadAction\",\"target\":[\"https:\\\/\\\/aeroportlleida.cat\\\/es\\\/se-ha-reunido-la-mesa-estrategica-del-aeropuerto-de-lleida-alguaire\\\/\"]}]},{\"@type\":\"ImageObject\",\"inLanguage\":\"es\",\"@id\":\"https:\\\/\\\/aeroportlleida.cat\\\/es\\\/se-ha-reunido-la-mesa-estrategica-del-aeropuerto-de-lleida-alguaire\\\/#primaryimage\",\"url\":\"https:\\\/\\\/aeroportlleida.cat\\\/wp-content\\\/uploads\\\/2018\\\/10\\\/visitants-ok.jpg\",\"contentUrl\":\"https:\\\/\\\/aeroportlleida.cat\\\/wp-content\\\/uploads\\\/2018\\\/10\\\/visitants-ok.jpg\",\"width\":832,\"height\":468},{\"@type\":\"BreadcrumbList\",\"@id\":\"https:\\\/\\\/aeroportlleida.cat\\\/es\\\/se-ha-reunido-la-mesa-estrategica-del-aeropuerto-de-lleida-alguaire\\\/#breadcrumb\",\"itemListElement\":[{\"@type\":\"ListItem\",\"position\":1,\"name\":\"Inici\",\"item\":\"https:\\\/\\\/aeroportlleida.cat\\\/es\\\/\"},{\"@type\":\"ListItem\",\"position\":2,\"name\":\"Se ha reunido la Mesa Estrat\u00e9gica del aeropuerto de Lleida-Alguaire\"}]},{\"@type\":\"WebSite\",\"@id\":\"https:\\\/\\\/aeroportlleida.cat\\\/#website\",\"url\":\"https:\\\/\\\/aeroportlleida.cat\\\/\",\"name\":\"Aeroport de Lleida-Alguaire\",\"description\":\"Aeropuerto de Lleida-Alguaire\",\"publisher\":{\"@id\":\"https:\\\/\\\/aeroportlleida.cat\\\/#organization\"},\"potentialAction\":[{\"@type\":\"SearchAction\",\"target\":{\"@type\":\"EntryPoint\",\"urlTemplate\":\"https:\\\/\\\/aeroportlleida.cat\\\/?s={search_term_string}\"},\"query-input\":{\"@type\":\"PropertyValueSpecification\",\"valueRequired\":true,\"valueName\":\"search_term_string\"}}],\"inLanguage\":\"es\"},{\"@type\":\"Organization\",\"@id\":\"https:\\\/\\\/aeroportlleida.cat\\\/#organization\",\"name\":\"Aeroport de Lleida\",\"url\":\"https:\\\/\\\/aeroportlleida.cat\\\/\",\"logo\":{\"@type\":\"ImageObject\",\"inLanguage\":\"es\",\"@id\":\"https:\\\/\\\/aeroportlleida.cat\\\/#\\\/schema\\\/logo\\\/image\\\/\",\"url\":\"http:\\\/\\\/aeroportlleida.cat\\\/wp-content\\\/uploads\\\/2019\\\/04\\\/front-aero-lleida.jpg\",\"contentUrl\":\"http:\\\/\\\/aeroportlleida.cat\\\/wp-content\\\/uploads\\\/2019\\\/04\\\/front-aero-lleida.jpg\",\"width\":2000,\"height\":950,\"caption\":\"Aeroport de Lleida\"},\"image\":{\"@id\":\"https:\\\/\\\/aeroportlleida.cat\\\/#\\\/schema\\\/logo\\\/image\\\/\"}},{\"@type\":\"Person\",\"@id\":\"https:\\\/\\\/aeroportlleida.cat\\\/#\\\/schema\\\/person\\\/8270911d351c62c23d8d6febb6cb2ae4\",\"name\":\"Tecnic\",\"image\":{\"@type\":\"ImageObject\",\"inLanguage\":\"es\",\"@id\":\"https:\\\/\\\/secure.gravatar.com\\\/avatar\\\/f04ae207245779a101cd8940a7ec3eb3caaade6242760e26c768820b9ff3626b?s=96&d=mm&r=g\",\"url\":\"https:\\\/\\\/secure.gravatar.com\\\/avatar\\\/f04ae207245779a101cd8940a7ec3eb3caaade6242760e26c768820b9ff3626b?s=96&d=mm&r=g\",\"contentUrl\":\"https:\\\/\\\/secure.gravatar.com\\\/avatar\\\/f04ae207245779a101cd8940a7ec3eb3caaade6242760e26c768820b9ff3626b?s=96&d=mm&r=g\",\"caption\":\"Tecnic\"},\"url\":\"https:\\\/\\\/aeroportlleida.cat\\\/es\\\/author\\\/tecnic\\\/\"}]}<\/script>\n<!-- \/ Yoast SEO plugin. -->","yoast_head_json":{"title":"Se ha reunido la Mesa Estrat\u00e9gica del aeropuerto de Lleida-Alguaire - Aeroport de Lleida-Alguaire","robots":{"index":"index","follow":"follow","max-snippet":"max-snippet:-1","max-image-preview":"max-image-preview:large","max-video-preview":"max-video-preview:-1"},"canonical":"https:\/\/aeroportlleida.cat\/es\/se-ha-reunido-la-mesa-estrategica-del-aeropuerto-de-lleida-alguaire\/","og_locale":"es_ES","og_type":"article","og_title":"Se ha reunido la Mesa Estrat\u00e9gica del aeropuerto de Lleida-Alguaire - Aeroport de Lleida-Alguaire","og_description":"Se ha reunido la Mesa Estrat\u00e9gica del aeropuerto de Lleida-Alguaire y ha presentado la cifra de pasajeros hasta septiembre que supera la cifra de pasajeros de todo el 2017","og_url":"https:\/\/aeroportlleida.cat\/es\/se-ha-reunido-la-mesa-estrategica-del-aeropuerto-de-lleida-alguaire\/","og_site_name":"Aeroport de Lleida-Alguaire","article_published_time":"2018-10-17T08:29:29+00:00","article_modified_time":"2019-06-25T09:11:47+00:00","og_image":[{"width":832,"height":468,"url":"https:\/\/aeroportlleida.cat\/wp-content\/uploads\/2018\/10\/visitants-ok.jpg","type":"image\/jpeg"}],"author":"Tecnic","twitter_card":"summary_large_image","twitter_misc":{"Escrito por":"Tecnic","Tiempo de lectura":"2 minutos"},"schema":{"@context":"https:\/\/schema.org","@graph":[{"@type":"Article","@id":"https:\/\/aeroportlleida.cat\/es\/se-ha-reunido-la-mesa-estrategica-del-aeropuerto-de-lleida-alguaire\/#article","isPartOf":{"@id":"https:\/\/aeroportlleida.cat\/es\/se-ha-reunido-la-mesa-estrategica-del-aeropuerto-de-lleida-alguaire\/"},"author":{"name":"Tecnic","@id":"https:\/\/aeroportlleida.cat\/#\/schema\/person\/8270911d351c62c23d8d6febb6cb2ae4"},"headline":"Se ha reunido la Mesa Estrat\u00e9gica del aeropuerto de Lleida-Alguaire","datePublished":"2018-10-17T08:29:29+00:00","dateModified":"2019-06-25T09:11:47+00:00","mainEntityOfPage":{"@id":"https:\/\/aeroportlleida.cat\/es\/se-ha-reunido-la-mesa-estrategica-del-aeropuerto-de-lleida-alguaire\/"},"wordCount":438,"commentCount":0,"publisher":{"@id":"https:\/\/aeroportlleida.cat\/#organization"},"image":{"@id":"https:\/\/aeroportlleida.cat\/es\/se-ha-reunido-la-mesa-estrategica-del-aeropuerto-de-lleida-alguaire\/#primaryimage"},"thumbnailUrl":"https:\/\/aeroportlleida.cat\/wp-content\/uploads\/2018\/10\/visitants-ok.jpg","articleSection":["noticies"],"inLanguage":"es"},{"@type":"WebPage","@id":"https:\/\/aeroportlleida.cat\/es\/se-ha-reunido-la-mesa-estrategica-del-aeropuerto-de-lleida-alguaire\/","url":"https:\/\/aeroportlleida.cat\/es\/se-ha-reunido-la-mesa-estrategica-del-aeropuerto-de-lleida-alguaire\/","name":"Se ha reunido la Mesa Estrat\u00e9gica del aeropuerto de Lleida-Alguaire - Aeroport de Lleida-Alguaire","isPartOf":{"@id":"https:\/\/aeroportlleida.cat\/#website"},"primaryImageOfPage":{"@id":"https:\/\/aeroportlleida.cat\/es\/se-ha-reunido-la-mesa-estrategica-del-aeropuerto-de-lleida-alguaire\/#primaryimage"},"image":{"@id":"https:\/\/aeroportlleida.cat\/es\/se-ha-reunido-la-mesa-estrategica-del-aeropuerto-de-lleida-alguaire\/#primaryimage"},"thumbnailUrl":"https:\/\/aeroportlleida.cat\/wp-content\/uploads\/2018\/10\/visitants-ok.jpg","datePublished":"2018-10-17T08:29:29+00:00","dateModified":"2019-06-25T09:11:47+00:00","breadcrumb":{"@id":"https:\/\/aeroportlleida.cat\/es\/se-ha-reunido-la-mesa-estrategica-del-aeropuerto-de-lleida-alguaire\/#breadcrumb"},"inLanguage":"es","potentialAction":[{"@type":"ReadAction","target":["https:\/\/aeroportlleida.cat\/es\/se-ha-reunido-la-mesa-estrategica-del-aeropuerto-de-lleida-alguaire\/"]}]},{"@type":"ImageObject","inLanguage":"es","@id":"https:\/\/aeroportlleida.cat\/es\/se-ha-reunido-la-mesa-estrategica-del-aeropuerto-de-lleida-alguaire\/#primaryimage","url":"https:\/\/aeroportlleida.cat\/wp-content\/uploads\/2018\/10\/visitants-ok.jpg","contentUrl":"https:\/\/aeroportlleida.cat\/wp-content\/uploads\/2018\/10\/visitants-ok.jpg","width":832,"height":468},{"@type":"BreadcrumbList","@id":"https:\/\/aeroportlleida.cat\/es\/se-ha-reunido-la-mesa-estrategica-del-aeropuerto-de-lleida-alguaire\/#breadcrumb","itemListElement":[{"@type":"ListItem","position":1,"name":"Inici","item":"https:\/\/aeroportlleida.cat\/es\/"},{"@type":"ListItem","position":2,"name":"Se ha reunido la Mesa Estrat\u00e9gica del aeropuerto de Lleida-Alguaire"}]},{"@type":"WebSite","@id":"https:\/\/aeroportlleida.cat\/#website","url":"https:\/\/aeroportlleida.cat\/","name":"Aeroport de Lleida-Alguaire","description":"Aeropuerto de Lleida-Alguaire","publisher":{"@id":"https:\/\/aeroportlleida.cat\/#organization"},"potentialAction":[{"@type":"SearchAction","target":{"@type":"EntryPoint","urlTemplate":"https:\/\/aeroportlleida.cat\/?s={search_term_string}"},"query-input":{"@type":"PropertyValueSpecification","valueRequired":true,"valueName":"search_term_string"}}],"inLanguage":"es"},{"@type":"Organization","@id":"https:\/\/aeroportlleida.cat\/#organization","name":"Aeroport de Lleida","url":"https:\/\/aeroportlleida.cat\/","logo":{"@type":"ImageObject","inLanguage":"es","@id":"https:\/\/aeroportlleida.cat\/#\/schema\/logo\/image\/","url":"http:\/\/aeroportlleida.cat\/wp-content\/uploads\/2019\/04\/front-aero-lleida.jpg","contentUrl":"http:\/\/aeroportlleida.cat\/wp-content\/uploads\/2019\/04\/front-aero-lleida.jpg","width":2000,"height":950,"caption":"Aeroport de Lleida"},"image":{"@id":"https:\/\/aeroportlleida.cat\/#\/schema\/logo\/image\/"}},{"@type":"Person","@id":"https:\/\/aeroportlleida.cat\/#\/schema\/person\/8270911d351c62c23d8d6febb6cb2ae4","name":"Tecnic","image":{"@type":"ImageObject","inLanguage":"es","@id":"https:\/\/secure.gravatar.com\/avatar\/f04ae207245779a101cd8940a7ec3eb3caaade6242760e26c768820b9ff3626b?s=96&d=mm&r=g","url":"https:\/\/secure.gravatar.com\/avatar\/f04ae207245779a101cd8940a7ec3eb3caaade6242760e26c768820b9ff3626b?s=96&d=mm&r=g","contentUrl":"https:\/\/secure.gravatar.com\/avatar\/f04ae207245779a101cd8940a7ec3eb3caaade6242760e26c768820b9ff3626b?s=96&d=mm&r=g","caption":"Tecnic"},"url":"https:\/\/aeroportlleida.cat\/es\/author\/tecnic\/"}]}},"_links":{"self":[{"href":"https:\/\/aeroportlleida.cat\/es\/wp-json\/wp\/v2\/posts\/17820","targetHints":{"allow":["GET"]}}],"collection":[{"href":"https:\/\/aeroportlleida.cat\/es\/wp-json\/wp\/v2\/posts"}],"about":[{"href":"https:\/\/aeroportlleida.cat\/es\/wp-json\/wp\/v2\/types\/post"}],"author":[{"embeddable":true,"href":"https:\/\/aeroportlleida.cat\/es\/wp-json\/wp\/v2\/users\/8"}],"replies":[{"embeddable":true,"href":"https:\/\/aeroportlleida.cat\/es\/wp-json\/wp\/v2\/comments?post=17820"}],"version-history":[{"count":2,"href":"https:\/\/aeroportlleida.cat\/es\/wp-json\/wp\/v2\/posts\/17820\/revisions"}],"predecessor-version":[{"id":17899,"href":"https:\/\/aeroportlleida.cat\/es\/wp-json\/wp\/v2\/posts\/17820\/revisions\/17899"}],"wp:featuredmedia":[{"embeddable":true,"href":"https:\/\/aeroportlleida.cat\/es\/wp-json\/wp\/v2\/media\/16665"}],"wp:attachment":[{"href":"https:\/\/aeroportlleida.cat\/es\/wp-json\/wp\/v2\/media?parent=17820"}],"wp:term":[{"taxonomy":"category","embeddable":true,"href":"https:\/\/aeroportlleida.cat\/es\/wp-json\/wp\/v2\/categories?post=17820"},{"taxonomy":"post_tag","embeddable":true,"href":"https:\/\/aeroportlleida.cat\/es\/wp-json\/wp\/v2\/tags?post=17820"}],"curies":[{"name":"wp","href":"https:\/\/api.w.org\/{rel}","templated":true}]}}