{"id":17822,"date":"2018-04-18T08:43:55","date_gmt":"2018-04-18T08:43:55","guid":{"rendered":"http:\/\/www.aeroportlleida.cat.mialias.net\/el-aeropuerto-de-lleida-alguaire-ha-cerrado-la-temporada-de-invierno-superando-los-26-000-viajeros\/"},"modified":"2019-06-25T09:12:52","modified_gmt":"2019-06-25T09:12:52","slug":"el-aeropuerto-de-lleida-alguaire-ha-cerrado-la-temporada-de-invierno-superando-los-26-000-viajeros","status":"publish","type":"post","link":"https:\/\/aeroportlleida.cat\/es\/el-aeropuerto-de-lleida-alguaire-ha-cerrado-la-temporada-de-invierno-superando-los-26-000-viajeros\/","title":{"rendered":"El aeropuerto de Lleida-Alguaire ha cerrado la temporada de invierno superando los 26.000 viajeros"},"content":{"rendered":"<div class=\"wpb-content-wrapper\"><p>[vc_row css_animation=\u00bb\u00bb row_type=\u00bbrow\u00bb use_row_as_full_screen_section=\u00bbno\u00bb type=\u00bbfull_width\u00bb angled_section=\u00bbno\u00bb text_align=\u00bbleft\u00bb background_image_as_pattern=\u00bbwithout_pattern\u00bb][vc_column][vc_column_text]El aeropuerto de Lleida-Alguaire ha cerrado la temporada de invierno 2017-18 con el segundo mejor registro desde el a\u00f1o 2011, cuando comenzaron los vuelos invernales. Desde diciembre pasado y hasta este mes de abril habr\u00e1n pasado por la instalaci\u00f3n leridana m\u00e1s de 26.000 pasajeros, una cifra \u201cexcepcionalmente buena\u201d, valor\u00f3 el secretario de Infraestructures i Mobilitat Ricard Font. Este aumento ha sido gracias al incremento de pasajeros en los aviones de Neilson y el estreno de la sueca Quality Travel.<\/p>\n<p>La temporada comenz\u00f3 el 21 de diciembre con los vuelos del touroperador Neilson, con 4 aviones que finaliza este 8 de abril. Quality Travel oper\u00f3 del 4 de febrero al 25 de marzo con 2 aviones. Los vuelos de la Imserso son del 2 de marzo y hasta el 11 de mayo, con 1 avi\u00f3n. Adem\u00e1s de Airnostrum, que lleva pasajeros todo el a\u00f1o.[\/vc_column_text][\/vc_column][\/vc_row]<\/p>\n<\/div>","protected":false},"excerpt":{"rendered":"<p>El aeropuerto de Lleida-Alguaire ha cerrado la temporada de invierno 2017-18 con el segundo mejor registro desde el a\u00f1o 2011,<\/p>\n","protected":false},"author":8,"featured_media":16671,"comment_status":"open","ping_status":"open","sticky":false,"template":"","format":"standard","meta":{"footnotes":""},"categories":[90],"tags":[],"class_list":["post-17822","post","type-post","status-publish","format-standard","has-post-thumbnail","hentry","category-noticies-es"],"yoast_head":"<!-- This site is optimized with the Yoast SEO plugin v27.5 - https:\/\/yoast.com\/product\/yoast-seo-wordpress\/ -->\n<title>El aeropuerto de Lleida-Alguaire ha cerrado la temporada de invierno superando los 26.000 viajeros - Aeroport de Lleida-Alguaire<\/title>\n<meta name=\"robots\" content=\"index, follow, max-snippet:-1, max-image-preview:large, max-video-preview:-1\" \/>\n<link rel=\"canonical\" href=\"https:\/\/aeroportlleida.cat\/es\/el-aeropuerto-de-lleida-alguaire-ha-cerrado-la-temporada-de-invierno-superando-los-26-000-viajeros\/\" \/>\n<meta property=\"og:locale\" content=\"es_ES\" \/>\n<meta property=\"og:type\" content=\"article\" \/>\n<meta property=\"og:title\" content=\"El aeropuerto de Lleida-Alguaire ha cerrado la temporada de invierno superando los 26.000 viajeros - Aeroport de Lleida-Alguaire\" \/>\n<meta property=\"og:description\" content=\"El aeropuerto de Lleida-Alguaire ha cerrado la temporada de invierno 2017-18 con el segundo mejor registro desde el a\u00f1o 2011,\" \/>\n<meta property=\"og:url\" content=\"https:\/\/aeroportlleida.cat\/es\/el-aeropuerto-de-lleida-alguaire-ha-cerrado-la-temporada-de-invierno-superando-los-26-000-viajeros\/\" \/>\n<meta property=\"og:site_name\" content=\"Aeroport de Lleida-Alguaire\" \/>\n<meta property=\"article:published_time\" content=\"2018-04-18T08:43:55+00:00\" \/>\n<meta property=\"article:modified_time\" content=\"2019-06-25T09:12:52+00:00\" \/>\n<meta property=\"og:image\" content=\"https:\/\/aeroportlleida.cat\/wp-content\/uploads\/2019\/02\/pista-full.jpg\" \/>\n\t<meta property=\"og:image:width\" content=\"832\" \/>\n\t<meta property=\"og:image:height\" content=\"468\" \/>\n\t<meta property=\"og:image:type\" content=\"image\/jpeg\" \/>\n<meta name=\"author\" content=\"Tecnic\" \/>\n<meta name=\"twitter:card\" content=\"summary_large_image\" \/>\n<meta name=\"twitter:label1\" content=\"Escrito por\" \/>\n\t<meta name=\"twitter:data1\" content=\"Tecnic\" \/>\n\t<meta name=\"twitter:label2\" content=\"Tiempo de lectura\" \/>\n\t<meta name=\"twitter:data2\" content=\"1 minuto\" \/>\n<script type=\"application\/ld+json\" class=\"yoast-schema-graph\">{\"@context\":\"https:\\\/\\\/schema.org\",\"@graph\":[{\"@type\":\"Article\",\"@id\":\"https:\\\/\\\/aeroportlleida.cat\\\/es\\\/el-aeropuerto-de-lleida-alguaire-ha-cerrado-la-temporada-de-invierno-superando-los-26-000-viajeros\\\/#article\",\"isPartOf\":{\"@id\":\"https:\\\/\\\/aeroportlleida.cat\\\/es\\\/el-aeropuerto-de-lleida-alguaire-ha-cerrado-la-temporada-de-invierno-superando-los-26-000-viajeros\\\/\"},\"author\":{\"name\":\"Tecnic\",\"@id\":\"https:\\\/\\\/aeroportlleida.cat\\\/#\\\/schema\\\/person\\\/8270911d351c62c23d8d6febb6cb2ae4\"},\"headline\":\"El aeropuerto de Lleida-Alguaire ha cerrado la temporada de invierno superando los 26.000 viajeros\",\"datePublished\":\"2018-04-18T08:43:55+00:00\",\"dateModified\":\"2019-06-25T09:12:52+00:00\",\"mainEntityOfPage\":{\"@id\":\"https:\\\/\\\/aeroportlleida.cat\\\/es\\\/el-aeropuerto-de-lleida-alguaire-ha-cerrado-la-temporada-de-invierno-superando-los-26-000-viajeros\\\/\"},\"wordCount\":193,\"commentCount\":0,\"publisher\":{\"@id\":\"https:\\\/\\\/aeroportlleida.cat\\\/#organization\"},\"image\":{\"@id\":\"https:\\\/\\\/aeroportlleida.cat\\\/es\\\/el-aeropuerto-de-lleida-alguaire-ha-cerrado-la-temporada-de-invierno-superando-los-26-000-viajeros\\\/#primaryimage\"},\"thumbnailUrl\":\"https:\\\/\\\/aeroportlleida.cat\\\/wp-content\\\/uploads\\\/2019\\\/02\\\/pista-full.jpg\",\"articleSection\":[\"noticies\"],\"inLanguage\":\"es\"},{\"@type\":\"WebPage\",\"@id\":\"https:\\\/\\\/aeroportlleida.cat\\\/es\\\/el-aeropuerto-de-lleida-alguaire-ha-cerrado-la-temporada-de-invierno-superando-los-26-000-viajeros\\\/\",\"url\":\"https:\\\/\\\/aeroportlleida.cat\\\/es\\\/el-aeropuerto-de-lleida-alguaire-ha-cerrado-la-temporada-de-invierno-superando-los-26-000-viajeros\\\/\",\"name\":\"El aeropuerto de Lleida-Alguaire ha cerrado la temporada de invierno superando los 26.000 viajeros - Aeroport de Lleida-Alguaire\",\"isPartOf\":{\"@id\":\"https:\\\/\\\/aeroportlleida.cat\\\/#website\"},\"primaryImageOfPage\":{\"@id\":\"https:\\\/\\\/aeroportlleida.cat\\\/es\\\/el-aeropuerto-de-lleida-alguaire-ha-cerrado-la-temporada-de-invierno-superando-los-26-000-viajeros\\\/#primaryimage\"},\"image\":{\"@id\":\"https:\\\/\\\/aeroportlleida.cat\\\/es\\\/el-aeropuerto-de-lleida-alguaire-ha-cerrado-la-temporada-de-invierno-superando-los-26-000-viajeros\\\/#primaryimage\"},\"thumbnailUrl\":\"https:\\\/\\\/aeroportlleida.cat\\\/wp-content\\\/uploads\\\/2019\\\/02\\\/pista-full.jpg\",\"datePublished\":\"2018-04-18T08:43:55+00:00\",\"dateModified\":\"2019-06-25T09:12:52+00:00\",\"breadcrumb\":{\"@id\":\"https:\\\/\\\/aeroportlleida.cat\\\/es\\\/el-aeropuerto-de-lleida-alguaire-ha-cerrado-la-temporada-de-invierno-superando-los-26-000-viajeros\\\/#breadcrumb\"},\"inLanguage\":\"es\",\"potentialAction\":[{\"@type\":\"ReadAction\",\"target\":[\"https:\\\/\\\/aeroportlleida.cat\\\/es\\\/el-aeropuerto-de-lleida-alguaire-ha-cerrado-la-temporada-de-invierno-superando-los-26-000-viajeros\\\/\"]}]},{\"@type\":\"ImageObject\",\"inLanguage\":\"es\",\"@id\":\"https:\\\/\\\/aeroportlleida.cat\\\/es\\\/el-aeropuerto-de-lleida-alguaire-ha-cerrado-la-temporada-de-invierno-superando-los-26-000-viajeros\\\/#primaryimage\",\"url\":\"https:\\\/\\\/aeroportlleida.cat\\\/wp-content\\\/uploads\\\/2019\\\/02\\\/pista-full.jpg\",\"contentUrl\":\"https:\\\/\\\/aeroportlleida.cat\\\/wp-content\\\/uploads\\\/2019\\\/02\\\/pista-full.jpg\",\"width\":832,\"height\":468},{\"@type\":\"BreadcrumbList\",\"@id\":\"https:\\\/\\\/aeroportlleida.cat\\\/es\\\/el-aeropuerto-de-lleida-alguaire-ha-cerrado-la-temporada-de-invierno-superando-los-26-000-viajeros\\\/#breadcrumb\",\"itemListElement\":[{\"@type\":\"ListItem\",\"position\":1,\"name\":\"Inici\",\"item\":\"https:\\\/\\\/aeroportlleida.cat\\\/es\\\/\"},{\"@type\":\"ListItem\",\"position\":2,\"name\":\"El aeropuerto de Lleida-Alguaire ha cerrado la temporada de invierno superando los 26.000 viajeros\"}]},{\"@type\":\"WebSite\",\"@id\":\"https:\\\/\\\/aeroportlleida.cat\\\/#website\",\"url\":\"https:\\\/\\\/aeroportlleida.cat\\\/\",\"name\":\"Aeroport de Lleida-Alguaire\",\"description\":\"Aeropuerto de Lleida-Alguaire\",\"publisher\":{\"@id\":\"https:\\\/\\\/aeroportlleida.cat\\\/#organization\"},\"potentialAction\":[{\"@type\":\"SearchAction\",\"target\":{\"@type\":\"EntryPoint\",\"urlTemplate\":\"https:\\\/\\\/aeroportlleida.cat\\\/?s={search_term_string}\"},\"query-input\":{\"@type\":\"PropertyValueSpecification\",\"valueRequired\":true,\"valueName\":\"search_term_string\"}}],\"inLanguage\":\"es\"},{\"@type\":\"Organization\",\"@id\":\"https:\\\/\\\/aeroportlleida.cat\\\/#organization\",\"name\":\"Aeroport de Lleida\",\"url\":\"https:\\\/\\\/aeroportlleida.cat\\\/\",\"logo\":{\"@type\":\"ImageObject\",\"inLanguage\":\"es\",\"@id\":\"https:\\\/\\\/aeroportlleida.cat\\\/#\\\/schema\\\/logo\\\/image\\\/\",\"url\":\"http:\\\/\\\/aeroportlleida.cat\\\/wp-content\\\/uploads\\\/2019\\\/04\\\/front-aero-lleida.jpg\",\"contentUrl\":\"http:\\\/\\\/aeroportlleida.cat\\\/wp-content\\\/uploads\\\/2019\\\/04\\\/front-aero-lleida.jpg\",\"width\":2000,\"height\":950,\"caption\":\"Aeroport de Lleida\"},\"image\":{\"@id\":\"https:\\\/\\\/aeroportlleida.cat\\\/#\\\/schema\\\/logo\\\/image\\\/\"}},{\"@type\":\"Person\",\"@id\":\"https:\\\/\\\/aeroportlleida.cat\\\/#\\\/schema\\\/person\\\/8270911d351c62c23d8d6febb6cb2ae4\",\"name\":\"Tecnic\",\"image\":{\"@type\":\"ImageObject\",\"inLanguage\":\"es\",\"@id\":\"https:\\\/\\\/secure.gravatar.com\\\/avatar\\\/f04ae207245779a101cd8940a7ec3eb3caaade6242760e26c768820b9ff3626b?s=96&d=mm&r=g\",\"url\":\"https:\\\/\\\/secure.gravatar.com\\\/avatar\\\/f04ae207245779a101cd8940a7ec3eb3caaade6242760e26c768820b9ff3626b?s=96&d=mm&r=g\",\"contentUrl\":\"https:\\\/\\\/secure.gravatar.com\\\/avatar\\\/f04ae207245779a101cd8940a7ec3eb3caaade6242760e26c768820b9ff3626b?s=96&d=mm&r=g\",\"caption\":\"Tecnic\"},\"url\":\"https:\\\/\\\/aeroportlleida.cat\\\/es\\\/author\\\/tecnic\\\/\"}]}<\/script>\n<!-- \/ Yoast SEO plugin. -->","yoast_head_json":{"title":"El aeropuerto de Lleida-Alguaire ha cerrado la temporada de invierno superando los 26.000 viajeros - Aeroport de Lleida-Alguaire","robots":{"index":"index","follow":"follow","max-snippet":"max-snippet:-1","max-image-preview":"max-image-preview:large","max-video-preview":"max-video-preview:-1"},"canonical":"https:\/\/aeroportlleida.cat\/es\/el-aeropuerto-de-lleida-alguaire-ha-cerrado-la-temporada-de-invierno-superando-los-26-000-viajeros\/","og_locale":"es_ES","og_type":"article","og_title":"El aeropuerto de Lleida-Alguaire ha cerrado la temporada de invierno superando los 26.000 viajeros - Aeroport de Lleida-Alguaire","og_description":"El aeropuerto de Lleida-Alguaire ha cerrado la temporada de invierno 2017-18 con el segundo mejor registro desde el a\u00f1o 2011,","og_url":"https:\/\/aeroportlleida.cat\/es\/el-aeropuerto-de-lleida-alguaire-ha-cerrado-la-temporada-de-invierno-superando-los-26-000-viajeros\/","og_site_name":"Aeroport de Lleida-Alguaire","article_published_time":"2018-04-18T08:43:55+00:00","article_modified_time":"2019-06-25T09:12:52+00:00","og_image":[{"width":832,"height":468,"url":"https:\/\/aeroportlleida.cat\/wp-content\/uploads\/2019\/02\/pista-full.jpg","type":"image\/jpeg"}],"author":"Tecnic","twitter_card":"summary_large_image","twitter_misc":{"Escrito por":"Tecnic","Tiempo de lectura":"1 minuto"},"schema":{"@context":"https:\/\/schema.org","@graph":[{"@type":"Article","@id":"https:\/\/aeroportlleida.cat\/es\/el-aeropuerto-de-lleida-alguaire-ha-cerrado-la-temporada-de-invierno-superando-los-26-000-viajeros\/#article","isPartOf":{"@id":"https:\/\/aeroportlleida.cat\/es\/el-aeropuerto-de-lleida-alguaire-ha-cerrado-la-temporada-de-invierno-superando-los-26-000-viajeros\/"},"author":{"name":"Tecnic","@id":"https:\/\/aeroportlleida.cat\/#\/schema\/person\/8270911d351c62c23d8d6febb6cb2ae4"},"headline":"El aeropuerto de Lleida-Alguaire ha cerrado la temporada de invierno superando los 26.000 viajeros","datePublished":"2018-04-18T08:43:55+00:00","dateModified":"2019-06-25T09:12:52+00:00","mainEntityOfPage":{"@id":"https:\/\/aeroportlleida.cat\/es\/el-aeropuerto-de-lleida-alguaire-ha-cerrado-la-temporada-de-invierno-superando-los-26-000-viajeros\/"},"wordCount":193,"commentCount":0,"publisher":{"@id":"https:\/\/aeroportlleida.cat\/#organization"},"image":{"@id":"https:\/\/aeroportlleida.cat\/es\/el-aeropuerto-de-lleida-alguaire-ha-cerrado-la-temporada-de-invierno-superando-los-26-000-viajeros\/#primaryimage"},"thumbnailUrl":"https:\/\/aeroportlleida.cat\/wp-content\/uploads\/2019\/02\/pista-full.jpg","articleSection":["noticies"],"inLanguage":"es"},{"@type":"WebPage","@id":"https:\/\/aeroportlleida.cat\/es\/el-aeropuerto-de-lleida-alguaire-ha-cerrado-la-temporada-de-invierno-superando-los-26-000-viajeros\/","url":"https:\/\/aeroportlleida.cat\/es\/el-aeropuerto-de-lleida-alguaire-ha-cerrado-la-temporada-de-invierno-superando-los-26-000-viajeros\/","name":"El aeropuerto de Lleida-Alguaire ha cerrado la temporada de invierno superando los 26.000 viajeros - Aeroport de Lleida-Alguaire","isPartOf":{"@id":"https:\/\/aeroportlleida.cat\/#website"},"primaryImageOfPage":{"@id":"https:\/\/aeroportlleida.cat\/es\/el-aeropuerto-de-lleida-alguaire-ha-cerrado-la-temporada-de-invierno-superando-los-26-000-viajeros\/#primaryimage"},"image":{"@id":"https:\/\/aeroportlleida.cat\/es\/el-aeropuerto-de-lleida-alguaire-ha-cerrado-la-temporada-de-invierno-superando-los-26-000-viajeros\/#primaryimage"},"thumbnailUrl":"https:\/\/aeroportlleida.cat\/wp-content\/uploads\/2019\/02\/pista-full.jpg","datePublished":"2018-04-18T08:43:55+00:00","dateModified":"2019-06-25T09:12:52+00:00","breadcrumb":{"@id":"https:\/\/aeroportlleida.cat\/es\/el-aeropuerto-de-lleida-alguaire-ha-cerrado-la-temporada-de-invierno-superando-los-26-000-viajeros\/#breadcrumb"},"inLanguage":"es","potentialAction":[{"@type":"ReadAction","target":["https:\/\/aeroportlleida.cat\/es\/el-aeropuerto-de-lleida-alguaire-ha-cerrado-la-temporada-de-invierno-superando-los-26-000-viajeros\/"]}]},{"@type":"ImageObject","inLanguage":"es","@id":"https:\/\/aeroportlleida.cat\/es\/el-aeropuerto-de-lleida-alguaire-ha-cerrado-la-temporada-de-invierno-superando-los-26-000-viajeros\/#primaryimage","url":"https:\/\/aeroportlleida.cat\/wp-content\/uploads\/2019\/02\/pista-full.jpg","contentUrl":"https:\/\/aeroportlleida.cat\/wp-content\/uploads\/2019\/02\/pista-full.jpg","width":832,"height":468},{"@type":"BreadcrumbList","@id":"https:\/\/aeroportlleida.cat\/es\/el-aeropuerto-de-lleida-alguaire-ha-cerrado-la-temporada-de-invierno-superando-los-26-000-viajeros\/#breadcrumb","itemListElement":[{"@type":"ListItem","position":1,"name":"Inici","item":"https:\/\/aeroportlleida.cat\/es\/"},{"@type":"ListItem","position":2,"name":"El aeropuerto de Lleida-Alguaire ha cerrado la temporada de invierno superando los 26.000 viajeros"}]},{"@type":"WebSite","@id":"https:\/\/aeroportlleida.cat\/#website","url":"https:\/\/aeroportlleida.cat\/","name":"Aeroport de Lleida-Alguaire","description":"Aeropuerto de Lleida-Alguaire","publisher":{"@id":"https:\/\/aeroportlleida.cat\/#organization"},"potentialAction":[{"@type":"SearchAction","target":{"@type":"EntryPoint","urlTemplate":"https:\/\/aeroportlleida.cat\/?s={search_term_string}"},"query-input":{"@type":"PropertyValueSpecification","valueRequired":true,"valueName":"search_term_string"}}],"inLanguage":"es"},{"@type":"Organization","@id":"https:\/\/aeroportlleida.cat\/#organization","name":"Aeroport de Lleida","url":"https:\/\/aeroportlleida.cat\/","logo":{"@type":"ImageObject","inLanguage":"es","@id":"https:\/\/aeroportlleida.cat\/#\/schema\/logo\/image\/","url":"http:\/\/aeroportlleida.cat\/wp-content\/uploads\/2019\/04\/front-aero-lleida.jpg","contentUrl":"http:\/\/aeroportlleida.cat\/wp-content\/uploads\/2019\/04\/front-aero-lleida.jpg","width":2000,"height":950,"caption":"Aeroport de Lleida"},"image":{"@id":"https:\/\/aeroportlleida.cat\/#\/schema\/logo\/image\/"}},{"@type":"Person","@id":"https:\/\/aeroportlleida.cat\/#\/schema\/person\/8270911d351c62c23d8d6febb6cb2ae4","name":"Tecnic","image":{"@type":"ImageObject","inLanguage":"es","@id":"https:\/\/secure.gravatar.com\/avatar\/f04ae207245779a101cd8940a7ec3eb3caaade6242760e26c768820b9ff3626b?s=96&d=mm&r=g","url":"https:\/\/secure.gravatar.com\/avatar\/f04ae207245779a101cd8940a7ec3eb3caaade6242760e26c768820b9ff3626b?s=96&d=mm&r=g","contentUrl":"https:\/\/secure.gravatar.com\/avatar\/f04ae207245779a101cd8940a7ec3eb3caaade6242760e26c768820b9ff3626b?s=96&d=mm&r=g","caption":"Tecnic"},"url":"https:\/\/aeroportlleida.cat\/es\/author\/tecnic\/"}]}},"_links":{"self":[{"href":"https:\/\/aeroportlleida.cat\/es\/wp-json\/wp\/v2\/posts\/17822","targetHints":{"allow":["GET"]}}],"collection":[{"href":"https:\/\/aeroportlleida.cat\/es\/wp-json\/wp\/v2\/posts"}],"about":[{"href":"https:\/\/aeroportlleida.cat\/es\/wp-json\/wp\/v2\/types\/post"}],"author":[{"embeddable":true,"href":"https:\/\/aeroportlleida.cat\/es\/wp-json\/wp\/v2\/users\/8"}],"replies":[{"embeddable":true,"href":"https:\/\/aeroportlleida.cat\/es\/wp-json\/wp\/v2\/comments?post=17822"}],"version-history":[{"count":1,"href":"https:\/\/aeroportlleida.cat\/es\/wp-json\/wp\/v2\/posts\/17822\/revisions"}],"predecessor-version":[{"id":17823,"href":"https:\/\/aeroportlleida.cat\/es\/wp-json\/wp\/v2\/posts\/17822\/revisions\/17823"}],"wp:featuredmedia":[{"embeddable":true,"href":"https:\/\/aeroportlleida.cat\/es\/wp-json\/wp\/v2\/media\/16671"}],"wp:attachment":[{"href":"https:\/\/aeroportlleida.cat\/es\/wp-json\/wp\/v2\/media?parent=17822"}],"wp:term":[{"taxonomy":"category","embeddable":true,"href":"https:\/\/aeroportlleida.cat\/es\/wp-json\/wp\/v2\/categories?post=17822"},{"taxonomy":"post_tag","embeddable":true,"href":"https:\/\/aeroportlleida.cat\/es\/wp-json\/wp\/v2\/tags?post=17822"}],"curies":[{"name":"wp","href":"https:\/\/api.w.org\/{rel}","templated":true}]}}