{"id":17884,"date":"2016-06-05T08:47:27","date_gmt":"2016-06-05T08:47:27","guid":{"rendered":"http:\/\/www.aeroportlleida.cat.mialias.net\/mas-de-4-000-personas-han-asistido-al-festival-aereo-lleida-air-challenge-30-de-junio\/"},"modified":"2019-06-25T09:00:06","modified_gmt":"2019-06-25T09:00:06","slug":"mas-de-4-000-personas-han-asistido-al-festival-aereo-lleida-air-challenge-30-de-junio","status":"publish","type":"post","link":"https:\/\/aeroportlleida.cat\/es\/mas-de-4-000-personas-han-asistido-al-festival-aereo-lleida-air-challenge-30-de-junio\/","title":{"rendered":"M\u00e1s de 4.000 personas han asistido al festival a\u00e9reo Lleida Air Challenge 30 de junio"},"content":{"rendered":"<p>El festival a\u00e9reo Lleida Air Challenge, que se ha celebrado hoy 5 de junio ha reunido a m\u00e1s de 4.000 personas que a lo largo de la ma\u00f1ana han disfrutado de una quincena de actividades aeron\u00e1uticas pertenecientes a diferentes modalidades de vuelo. Han participado unas cuarenta aeronaves.<\/p>\n<p>El programa del festival de este a\u00f1o ha reforzado el contenido acrob\u00e1tico. El p\u00fablico ha podido presenciar actuaciones de varias patrullas acrob\u00e1ticas, como la italiana Blue Circe y la patrulla AIRMEDIA, ubicada en el aeropuerto de Reus, especializada en reconocimiento a\u00e9reo y captura de datos con sensores aerotransportados. Tambi\u00e9n se ha contado con exhibiciones de ultraligeros, autogiros, planeadores y trikes, as\u00ed como con una reproducci\u00f3n de ataque a\u00e9reo, una patrulla de aviones hist\u00f3ricos, drones, y demostraciones de aeromodelismo cl\u00e1sico y de reacci\u00f3n a cargo del Club de \u2018Aeromodelismo del Segri\u00e0. Durante la ma\u00f1ana ha volado por las inmediaciones del aeropuerto un zepel\u00edn de 42 metros de longitud y 13 de di\u00e1metro.<\/p>\n<p>El festival ha dispuesto de un espacio de expositores vinculados al sector aeron\u00e1utico, organizado por Fira de Lleida. Tambi\u00e9n se ha expuesto un avi\u00f3n citation, un ULM, coches antiguos y se ha organizado talleres para ni\u00f1os relacionados con el mundo de la aviaci\u00f3n.<\/p>\n","protected":false},"excerpt":{"rendered":"<p>El festival a\u00e9reo Lleida Air Challenge, que se ha celebrado hoy 5 de junio ha reunido a m\u00e1s de 4.000 personas que a lo largo de la ma\u00f1ana han disfrutado&#8230;<\/p>\n","protected":false},"author":8,"featured_media":17877,"comment_status":"open","ping_status":"open","sticky":false,"template":"","format":"standard","meta":{"footnotes":""},"categories":[90],"tags":[],"class_list":["post-17884","post","type-post","status-publish","format-standard","has-post-thumbnail","hentry","category-noticies-es"],"yoast_head":"<!-- This site is optimized with the Yoast SEO plugin v27.5 - https:\/\/yoast.com\/product\/yoast-seo-wordpress\/ -->\n<title>M\u00e1s de 4.000 personas han asistido al festival a\u00e9reo Lleida Air Challenge 30 de junio - Aeroport de Lleida-Alguaire<\/title>\n<meta name=\"robots\" content=\"index, follow, max-snippet:-1, max-image-preview:large, max-video-preview:-1\" \/>\n<link rel=\"canonical\" href=\"https:\/\/aeroportlleida.cat\/es\/mas-de-4-000-personas-han-asistido-al-festival-aereo-lleida-air-challenge-30-de-junio\/\" \/>\n<meta property=\"og:locale\" content=\"es_ES\" \/>\n<meta property=\"og:type\" content=\"article\" \/>\n<meta property=\"og:title\" content=\"M\u00e1s de 4.000 personas han asistido al festival a\u00e9reo Lleida Air Challenge 30 de junio - Aeroport de Lleida-Alguaire\" \/>\n<meta property=\"og:description\" content=\"El festival a\u00e9reo Lleida Air Challenge, que se ha celebrado hoy 5 de junio ha reunido a m\u00e1s de 4.000 personas que a lo largo de la ma\u00f1ana han disfrutado...\" \/>\n<meta property=\"og:url\" content=\"https:\/\/aeroportlleida.cat\/es\/mas-de-4-000-personas-han-asistido-al-festival-aereo-lleida-air-challenge-30-de-junio\/\" \/>\n<meta property=\"og:site_name\" content=\"Aeroport de Lleida-Alguaire\" \/>\n<meta property=\"article:published_time\" content=\"2016-06-05T08:47:27+00:00\" \/>\n<meta property=\"article:modified_time\" content=\"2019-06-25T09:00:06+00:00\" \/>\n<meta property=\"og:image\" content=\"https:\/\/aeroportlleida.cat\/wp-content\/uploads\/2019\/06\/copia1-300x200.jpg\" \/>\n\t<meta property=\"og:image:width\" content=\"300\" \/>\n\t<meta property=\"og:image:height\" content=\"200\" \/>\n\t<meta property=\"og:image:type\" content=\"image\/jpeg\" \/>\n<meta name=\"author\" content=\"Tecnic\" \/>\n<meta name=\"twitter:card\" content=\"summary_large_image\" \/>\n<meta name=\"twitter:label1\" content=\"Escrito por\" \/>\n\t<meta name=\"twitter:data1\" content=\"Tecnic\" \/>\n\t<meta name=\"twitter:label2\" content=\"Tiempo de lectura\" \/>\n\t<meta name=\"twitter:data2\" content=\"1 minuto\" \/>\n<script type=\"application\/ld+json\" class=\"yoast-schema-graph\">{\"@context\":\"https:\\\/\\\/schema.org\",\"@graph\":[{\"@type\":\"Article\",\"@id\":\"https:\\\/\\\/aeroportlleida.cat\\\/es\\\/mas-de-4-000-personas-han-asistido-al-festival-aereo-lleida-air-challenge-30-de-junio\\\/#article\",\"isPartOf\":{\"@id\":\"https:\\\/\\\/aeroportlleida.cat\\\/es\\\/mas-de-4-000-personas-han-asistido-al-festival-aereo-lleida-air-challenge-30-de-junio\\\/\"},\"author\":{\"name\":\"Tecnic\",\"@id\":\"https:\\\/\\\/aeroportlleida.cat\\\/#\\\/schema\\\/person\\\/8270911d351c62c23d8d6febb6cb2ae4\"},\"headline\":\"M\u00e1s de 4.000 personas han asistido al festival a\u00e9reo Lleida Air Challenge 30 de junio\",\"datePublished\":\"2016-06-05T08:47:27+00:00\",\"dateModified\":\"2019-06-25T09:00:06+00:00\",\"mainEntityOfPage\":{\"@id\":\"https:\\\/\\\/aeroportlleida.cat\\\/es\\\/mas-de-4-000-personas-han-asistido-al-festival-aereo-lleida-air-challenge-30-de-junio\\\/\"},\"wordCount\":235,\"commentCount\":0,\"publisher\":{\"@id\":\"https:\\\/\\\/aeroportlleida.cat\\\/#organization\"},\"image\":{\"@id\":\"https:\\\/\\\/aeroportlleida.cat\\\/es\\\/mas-de-4-000-personas-han-asistido-al-festival-aereo-lleida-air-challenge-30-de-junio\\\/#primaryimage\"},\"thumbnailUrl\":\"https:\\\/\\\/aeroportlleida.cat\\\/wp-content\\\/uploads\\\/2019\\\/06\\\/copia1-300x200.jpg\",\"articleSection\":[\"noticies\"],\"inLanguage\":\"es\"},{\"@type\":\"WebPage\",\"@id\":\"https:\\\/\\\/aeroportlleida.cat\\\/es\\\/mas-de-4-000-personas-han-asistido-al-festival-aereo-lleida-air-challenge-30-de-junio\\\/\",\"url\":\"https:\\\/\\\/aeroportlleida.cat\\\/es\\\/mas-de-4-000-personas-han-asistido-al-festival-aereo-lleida-air-challenge-30-de-junio\\\/\",\"name\":\"M\u00e1s de 4.000 personas han asistido al festival a\u00e9reo Lleida Air Challenge 30 de junio - Aeroport de Lleida-Alguaire\",\"isPartOf\":{\"@id\":\"https:\\\/\\\/aeroportlleida.cat\\\/#website\"},\"primaryImageOfPage\":{\"@id\":\"https:\\\/\\\/aeroportlleida.cat\\\/es\\\/mas-de-4-000-personas-han-asistido-al-festival-aereo-lleida-air-challenge-30-de-junio\\\/#primaryimage\"},\"image\":{\"@id\":\"https:\\\/\\\/aeroportlleida.cat\\\/es\\\/mas-de-4-000-personas-han-asistido-al-festival-aereo-lleida-air-challenge-30-de-junio\\\/#primaryimage\"},\"thumbnailUrl\":\"https:\\\/\\\/aeroportlleida.cat\\\/wp-content\\\/uploads\\\/2019\\\/06\\\/copia1-300x200.jpg\",\"datePublished\":\"2016-06-05T08:47:27+00:00\",\"dateModified\":\"2019-06-25T09:00:06+00:00\",\"breadcrumb\":{\"@id\":\"https:\\\/\\\/aeroportlleida.cat\\\/es\\\/mas-de-4-000-personas-han-asistido-al-festival-aereo-lleida-air-challenge-30-de-junio\\\/#breadcrumb\"},\"inLanguage\":\"es\",\"potentialAction\":[{\"@type\":\"ReadAction\",\"target\":[\"https:\\\/\\\/aeroportlleida.cat\\\/es\\\/mas-de-4-000-personas-han-asistido-al-festival-aereo-lleida-air-challenge-30-de-junio\\\/\"]}]},{\"@type\":\"ImageObject\",\"inLanguage\":\"es\",\"@id\":\"https:\\\/\\\/aeroportlleida.cat\\\/es\\\/mas-de-4-000-personas-han-asistido-al-festival-aereo-lleida-air-challenge-30-de-junio\\\/#primaryimage\",\"url\":\"https:\\\/\\\/aeroportlleida.cat\\\/wp-content\\\/uploads\\\/2019\\\/06\\\/copia1-300x200.jpg\",\"contentUrl\":\"https:\\\/\\\/aeroportlleida.cat\\\/wp-content\\\/uploads\\\/2019\\\/06\\\/copia1-300x200.jpg\",\"width\":300,\"height\":200},{\"@type\":\"BreadcrumbList\",\"@id\":\"https:\\\/\\\/aeroportlleida.cat\\\/es\\\/mas-de-4-000-personas-han-asistido-al-festival-aereo-lleida-air-challenge-30-de-junio\\\/#breadcrumb\",\"itemListElement\":[{\"@type\":\"ListItem\",\"position\":1,\"name\":\"Inici\",\"item\":\"https:\\\/\\\/aeroportlleida.cat\\\/es\\\/\"},{\"@type\":\"ListItem\",\"position\":2,\"name\":\"M\u00e1s de 4.000 personas han asistido al festival a\u00e9reo Lleida Air Challenge 30 de junio\"}]},{\"@type\":\"WebSite\",\"@id\":\"https:\\\/\\\/aeroportlleida.cat\\\/#website\",\"url\":\"https:\\\/\\\/aeroportlleida.cat\\\/\",\"name\":\"Aeroport de Lleida-Alguaire\",\"description\":\"Aeropuerto de Lleida-Alguaire\",\"publisher\":{\"@id\":\"https:\\\/\\\/aeroportlleida.cat\\\/#organization\"},\"potentialAction\":[{\"@type\":\"SearchAction\",\"target\":{\"@type\":\"EntryPoint\",\"urlTemplate\":\"https:\\\/\\\/aeroportlleida.cat\\\/?s={search_term_string}\"},\"query-input\":{\"@type\":\"PropertyValueSpecification\",\"valueRequired\":true,\"valueName\":\"search_term_string\"}}],\"inLanguage\":\"es\"},{\"@type\":\"Organization\",\"@id\":\"https:\\\/\\\/aeroportlleida.cat\\\/#organization\",\"name\":\"Aeroport de Lleida\",\"url\":\"https:\\\/\\\/aeroportlleida.cat\\\/\",\"logo\":{\"@type\":\"ImageObject\",\"inLanguage\":\"es\",\"@id\":\"https:\\\/\\\/aeroportlleida.cat\\\/#\\\/schema\\\/logo\\\/image\\\/\",\"url\":\"http:\\\/\\\/aeroportlleida.cat\\\/wp-content\\\/uploads\\\/2019\\\/04\\\/front-aero-lleida.jpg\",\"contentUrl\":\"http:\\\/\\\/aeroportlleida.cat\\\/wp-content\\\/uploads\\\/2019\\\/04\\\/front-aero-lleida.jpg\",\"width\":2000,\"height\":950,\"caption\":\"Aeroport de Lleida\"},\"image\":{\"@id\":\"https:\\\/\\\/aeroportlleida.cat\\\/#\\\/schema\\\/logo\\\/image\\\/\"}},{\"@type\":\"Person\",\"@id\":\"https:\\\/\\\/aeroportlleida.cat\\\/#\\\/schema\\\/person\\\/8270911d351c62c23d8d6febb6cb2ae4\",\"name\":\"Tecnic\",\"image\":{\"@type\":\"ImageObject\",\"inLanguage\":\"es\",\"@id\":\"https:\\\/\\\/secure.gravatar.com\\\/avatar\\\/f04ae207245779a101cd8940a7ec3eb3caaade6242760e26c768820b9ff3626b?s=96&d=mm&r=g\",\"url\":\"https:\\\/\\\/secure.gravatar.com\\\/avatar\\\/f04ae207245779a101cd8940a7ec3eb3caaade6242760e26c768820b9ff3626b?s=96&d=mm&r=g\",\"contentUrl\":\"https:\\\/\\\/secure.gravatar.com\\\/avatar\\\/f04ae207245779a101cd8940a7ec3eb3caaade6242760e26c768820b9ff3626b?s=96&d=mm&r=g\",\"caption\":\"Tecnic\"},\"url\":\"https:\\\/\\\/aeroportlleida.cat\\\/es\\\/author\\\/tecnic\\\/\"}]}<\/script>\n<!-- \/ Yoast SEO plugin. -->","yoast_head_json":{"title":"M\u00e1s de 4.000 personas han asistido al festival a\u00e9reo Lleida Air Challenge 30 de junio - Aeroport de Lleida-Alguaire","robots":{"index":"index","follow":"follow","max-snippet":"max-snippet:-1","max-image-preview":"max-image-preview:large","max-video-preview":"max-video-preview:-1"},"canonical":"https:\/\/aeroportlleida.cat\/es\/mas-de-4-000-personas-han-asistido-al-festival-aereo-lleida-air-challenge-30-de-junio\/","og_locale":"es_ES","og_type":"article","og_title":"M\u00e1s de 4.000 personas han asistido al festival a\u00e9reo Lleida Air Challenge 30 de junio - Aeroport de Lleida-Alguaire","og_description":"El festival a\u00e9reo Lleida Air Challenge, que se ha celebrado hoy 5 de junio ha reunido a m\u00e1s de 4.000 personas que a lo largo de la ma\u00f1ana han disfrutado...","og_url":"https:\/\/aeroportlleida.cat\/es\/mas-de-4-000-personas-han-asistido-al-festival-aereo-lleida-air-challenge-30-de-junio\/","og_site_name":"Aeroport de Lleida-Alguaire","article_published_time":"2016-06-05T08:47:27+00:00","article_modified_time":"2019-06-25T09:00:06+00:00","og_image":[{"width":300,"height":200,"url":"https:\/\/aeroportlleida.cat\/wp-content\/uploads\/2019\/06\/copia1-300x200.jpg","type":"image\/jpeg"}],"author":"Tecnic","twitter_card":"summary_large_image","twitter_misc":{"Escrito por":"Tecnic","Tiempo de lectura":"1 minuto"},"schema":{"@context":"https:\/\/schema.org","@graph":[{"@type":"Article","@id":"https:\/\/aeroportlleida.cat\/es\/mas-de-4-000-personas-han-asistido-al-festival-aereo-lleida-air-challenge-30-de-junio\/#article","isPartOf":{"@id":"https:\/\/aeroportlleida.cat\/es\/mas-de-4-000-personas-han-asistido-al-festival-aereo-lleida-air-challenge-30-de-junio\/"},"author":{"name":"Tecnic","@id":"https:\/\/aeroportlleida.cat\/#\/schema\/person\/8270911d351c62c23d8d6febb6cb2ae4"},"headline":"M\u00e1s de 4.000 personas han asistido al festival a\u00e9reo Lleida Air Challenge 30 de junio","datePublished":"2016-06-05T08:47:27+00:00","dateModified":"2019-06-25T09:00:06+00:00","mainEntityOfPage":{"@id":"https:\/\/aeroportlleida.cat\/es\/mas-de-4-000-personas-han-asistido-al-festival-aereo-lleida-air-challenge-30-de-junio\/"},"wordCount":235,"commentCount":0,"publisher":{"@id":"https:\/\/aeroportlleida.cat\/#organization"},"image":{"@id":"https:\/\/aeroportlleida.cat\/es\/mas-de-4-000-personas-han-asistido-al-festival-aereo-lleida-air-challenge-30-de-junio\/#primaryimage"},"thumbnailUrl":"https:\/\/aeroportlleida.cat\/wp-content\/uploads\/2019\/06\/copia1-300x200.jpg","articleSection":["noticies"],"inLanguage":"es"},{"@type":"WebPage","@id":"https:\/\/aeroportlleida.cat\/es\/mas-de-4-000-personas-han-asistido-al-festival-aereo-lleida-air-challenge-30-de-junio\/","url":"https:\/\/aeroportlleida.cat\/es\/mas-de-4-000-personas-han-asistido-al-festival-aereo-lleida-air-challenge-30-de-junio\/","name":"M\u00e1s de 4.000 personas han asistido al festival a\u00e9reo Lleida Air Challenge 30 de junio - Aeroport de Lleida-Alguaire","isPartOf":{"@id":"https:\/\/aeroportlleida.cat\/#website"},"primaryImageOfPage":{"@id":"https:\/\/aeroportlleida.cat\/es\/mas-de-4-000-personas-han-asistido-al-festival-aereo-lleida-air-challenge-30-de-junio\/#primaryimage"},"image":{"@id":"https:\/\/aeroportlleida.cat\/es\/mas-de-4-000-personas-han-asistido-al-festival-aereo-lleida-air-challenge-30-de-junio\/#primaryimage"},"thumbnailUrl":"https:\/\/aeroportlleida.cat\/wp-content\/uploads\/2019\/06\/copia1-300x200.jpg","datePublished":"2016-06-05T08:47:27+00:00","dateModified":"2019-06-25T09:00:06+00:00","breadcrumb":{"@id":"https:\/\/aeroportlleida.cat\/es\/mas-de-4-000-personas-han-asistido-al-festival-aereo-lleida-air-challenge-30-de-junio\/#breadcrumb"},"inLanguage":"es","potentialAction":[{"@type":"ReadAction","target":["https:\/\/aeroportlleida.cat\/es\/mas-de-4-000-personas-han-asistido-al-festival-aereo-lleida-air-challenge-30-de-junio\/"]}]},{"@type":"ImageObject","inLanguage":"es","@id":"https:\/\/aeroportlleida.cat\/es\/mas-de-4-000-personas-han-asistido-al-festival-aereo-lleida-air-challenge-30-de-junio\/#primaryimage","url":"https:\/\/aeroportlleida.cat\/wp-content\/uploads\/2019\/06\/copia1-300x200.jpg","contentUrl":"https:\/\/aeroportlleida.cat\/wp-content\/uploads\/2019\/06\/copia1-300x200.jpg","width":300,"height":200},{"@type":"BreadcrumbList","@id":"https:\/\/aeroportlleida.cat\/es\/mas-de-4-000-personas-han-asistido-al-festival-aereo-lleida-air-challenge-30-de-junio\/#breadcrumb","itemListElement":[{"@type":"ListItem","position":1,"name":"Inici","item":"https:\/\/aeroportlleida.cat\/es\/"},{"@type":"ListItem","position":2,"name":"M\u00e1s de 4.000 personas han asistido al festival a\u00e9reo Lleida Air Challenge 30 de junio"}]},{"@type":"WebSite","@id":"https:\/\/aeroportlleida.cat\/#website","url":"https:\/\/aeroportlleida.cat\/","name":"Aeroport de Lleida-Alguaire","description":"Aeropuerto de Lleida-Alguaire","publisher":{"@id":"https:\/\/aeroportlleida.cat\/#organization"},"potentialAction":[{"@type":"SearchAction","target":{"@type":"EntryPoint","urlTemplate":"https:\/\/aeroportlleida.cat\/?s={search_term_string}"},"query-input":{"@type":"PropertyValueSpecification","valueRequired":true,"valueName":"search_term_string"}}],"inLanguage":"es"},{"@type":"Organization","@id":"https:\/\/aeroportlleida.cat\/#organization","name":"Aeroport de Lleida","url":"https:\/\/aeroportlleida.cat\/","logo":{"@type":"ImageObject","inLanguage":"es","@id":"https:\/\/aeroportlleida.cat\/#\/schema\/logo\/image\/","url":"http:\/\/aeroportlleida.cat\/wp-content\/uploads\/2019\/04\/front-aero-lleida.jpg","contentUrl":"http:\/\/aeroportlleida.cat\/wp-content\/uploads\/2019\/04\/front-aero-lleida.jpg","width":2000,"height":950,"caption":"Aeroport de Lleida"},"image":{"@id":"https:\/\/aeroportlleida.cat\/#\/schema\/logo\/image\/"}},{"@type":"Person","@id":"https:\/\/aeroportlleida.cat\/#\/schema\/person\/8270911d351c62c23d8d6febb6cb2ae4","name":"Tecnic","image":{"@type":"ImageObject","inLanguage":"es","@id":"https:\/\/secure.gravatar.com\/avatar\/f04ae207245779a101cd8940a7ec3eb3caaade6242760e26c768820b9ff3626b?s=96&d=mm&r=g","url":"https:\/\/secure.gravatar.com\/avatar\/f04ae207245779a101cd8940a7ec3eb3caaade6242760e26c768820b9ff3626b?s=96&d=mm&r=g","contentUrl":"https:\/\/secure.gravatar.com\/avatar\/f04ae207245779a101cd8940a7ec3eb3caaade6242760e26c768820b9ff3626b?s=96&d=mm&r=g","caption":"Tecnic"},"url":"https:\/\/aeroportlleida.cat\/es\/author\/tecnic\/"}]}},"_links":{"self":[{"href":"https:\/\/aeroportlleida.cat\/es\/wp-json\/wp\/v2\/posts\/17884","targetHints":{"allow":["GET"]}}],"collection":[{"href":"https:\/\/aeroportlleida.cat\/es\/wp-json\/wp\/v2\/posts"}],"about":[{"href":"https:\/\/aeroportlleida.cat\/es\/wp-json\/wp\/v2\/types\/post"}],"author":[{"embeddable":true,"href":"https:\/\/aeroportlleida.cat\/es\/wp-json\/wp\/v2\/users\/8"}],"replies":[{"embeddable":true,"href":"https:\/\/aeroportlleida.cat\/es\/wp-json\/wp\/v2\/comments?post=17884"}],"version-history":[{"count":1,"href":"https:\/\/aeroportlleida.cat\/es\/wp-json\/wp\/v2\/posts\/17884\/revisions"}],"predecessor-version":[{"id":17897,"href":"https:\/\/aeroportlleida.cat\/es\/wp-json\/wp\/v2\/posts\/17884\/revisions\/17897"}],"wp:featuredmedia":[{"embeddable":true,"href":"https:\/\/aeroportlleida.cat\/es\/wp-json\/wp\/v2\/media\/17877"}],"wp:attachment":[{"href":"https:\/\/aeroportlleida.cat\/es\/wp-json\/wp\/v2\/media?parent=17884"}],"wp:term":[{"taxonomy":"category","embeddable":true,"href":"https:\/\/aeroportlleida.cat\/es\/wp-json\/wp\/v2\/categories?post=17884"},{"taxonomy":"post_tag","embeddable":true,"href":"https:\/\/aeroportlleida.cat\/es\/wp-json\/wp\/v2\/tags?post=17884"}],"curies":[{"name":"wp","href":"https:\/\/api.w.org\/{rel}","templated":true}]}}