{"id":18698,"date":"2020-03-10T09:37:31","date_gmt":"2020-03-10T09:37:31","guid":{"rendered":"http:\/\/aeroportlleida.cat\/?p=18698"},"modified":"2020-03-10T11:58:07","modified_gmt":"2020-03-10T11:58:07","slug":"el-aeropuerto-movilizara-inversiones-publicas-y-privadas-por-valor-de-unos-55-millones-de-euros","status":"publish","type":"post","link":"https:\/\/aeroportlleida.cat\/es\/el-aeropuerto-movilizara-inversiones-publicas-y-privadas-por-valor-de-unos-55-millones-de-euros\/","title":{"rendered":"El aeropuerto movilizar\u00e1 inversiones p\u00fablicas y privadas por valor de unos 5,5 millones de euros"},"content":{"rendered":"<p>El consejero de Territorio y Sostenibilidad, Dami\u00e0 Calvet, junto con el secretario de Infraestructuras y Movilidad, Isidre Gav\u00edn, ha visitado las instalaciones del aeropuerto de Lleida-Alguaire, y han anunciado que en los pr\u00f3ximos meses \u00abse movilizar\u00e1n inversiones p\u00fablicas y privadas por valor de unos 5,5 millones de euros\u201d. Entre otras inversiones, remarcar la futura construcci\u00f3n del hangar segundo m\u00e1s grande de Catalunya, de 6.400 metros cuadrados.<\/p>\n<p>Aeroports de Catalunya ha iniciado la licitaci\u00f3n de la redacci\u00f3n del proyecto para la construcci\u00f3n del hangar de 6.400m2 (80x80m) con capacidad para acoger dos aeronaves tipo Boeing 737 o Airbus 320, o bien, una aeronave tipo Boeing 777 o Airbus 340. Se prev\u00e9 que el proyecto est\u00e9 redactado el pr\u00f3ximo verano, por impulsar la licitaci\u00f3n de las obras posteriormente, con una inversi\u00f3n estimada en 2,7 millones de euros.<\/p>\n<p>El consejero ha puesto de relieve que \u00abdesde el Gobierno y en colaboraci\u00f3n con la Mesa Estrat\u00e9gica del Aeropuerto de Alguaire, que re\u00fane todos los actores territoriales, hemos conseguido darle la vuelta al aeropuerto y focalizarlo hacia una actividad de valor a\u00f1adido: industrial, de formaci\u00f3n y de innovaci\u00f3n\u201d. El aeropuerto de Alguaire genera 100 puestos de trabajo directos \u00a0y 200 indirectos.<\/p>\n<p>Paralelamente a este anuncio, el consejero de Territorio tambi\u00e9n ha explicado dos proyectos m\u00e1s que impulsar\u00e1 Aeroports de Catalunya. Por un lado, inicia la licitaci\u00f3n de las pelotas por ampliar en 7.400 m2 la plataforma de estacionamiento de aeronaves, con un presupuesto de cerca de 240.000 euros. Asimismo, es una licitaci\u00f3n de adquisici\u00f3n de un hangar polivalente miedo actividades industriales, de 25x30m, con una inversi\u00f3n de 150.000 euros.<\/p>\n<p>La gran disponibilidad de suelo industrial hace de este aeropuerto un espacio ideal para un crecer. En ese momento, la Empresa Aeronpark ampliar\u00e1 la plataforma de de estacionamiento en 10 hect\u00e1reas, para aparcar 50 aviones. En cuanto a los usos industriales, tambi\u00e9n se puedo remarcar las bases de mantenimiento de la empresa Servitec y la compa\u00f1\u00eda Norwegian.<\/p>\n<p>El aeropuerto de Alguaire tamb\u00e9 est\u00e1 enfocado a su estrategia con actividades de formaci\u00f3n y de investigaci\u00f3n e innovaci\u00f3n. As\u00ed, la escuela de aviaci\u00f3n BAA Training tiene 20 aeronaves en el aeropuerto as\u00ed como un grupo permanente de unos 35 estudiantes y una veintena de instructores, adem\u00e1s del personal de administraci\u00f3n y mantenimiento de la compa\u00f1\u00eda. BAA ha instalado un nuevo simulador con una inversi\u00f3n de 500.000 euros.<\/p>\n<p><img fetchpriority=\"high\" decoding=\"async\" class=\"alignnone size-medium wp-image-18696\" src=\"http:\/\/aeroportlleida.cat\/wp-content\/uploads\/2020\/03\/visitaconseller-1-300x225.jpg\" alt=\"\" width=\"300\" height=\"225\" srcset=\"https:\/\/aeroportlleida.cat\/wp-content\/uploads\/2020\/03\/visitaconseller-1-300x225.jpg 300w, https:\/\/aeroportlleida.cat\/wp-content\/uploads\/2020\/03\/visitaconseller-1-768x576.jpg 768w, https:\/\/aeroportlleida.cat\/wp-content\/uploads\/2020\/03\/visitaconseller-1-1024x768.jpg 1024w, https:\/\/aeroportlleida.cat\/wp-content\/uploads\/2020\/03\/visitaconseller-1-800x600.jpg 800w, https:\/\/aeroportlleida.cat\/wp-content\/uploads\/2020\/03\/visitaconseller-1-700x525.jpg 700w, https:\/\/aeroportlleida.cat\/wp-content\/uploads\/2020\/03\/visitaconseller-1.jpg 1600w\" sizes=\"(max-width: 300px) 100vw, 300px\" \/><\/p>\n","protected":false},"excerpt":{"rendered":"<p>El consejero de Territorio y Sostenibilidad, Dami\u00e0 Calvet, junto con el secretario de Infraestructuras y Movilidad, Isidre Gav\u00edn, ha visitado las instalaciones del aeropuerto de Lleida-Alguaire, y han anunciado que&#8230;<\/p>\n","protected":false},"author":4,"featured_media":18696,"comment_status":"open","ping_status":"open","sticky":false,"template":"","format":"standard","meta":{"footnotes":""},"categories":[90],"tags":[],"class_list":["post-18698","post","type-post","status-publish","format-standard","has-post-thumbnail","hentry","category-noticies-es"],"yoast_head":"<!-- This site is optimized with the Yoast SEO plugin v27.5 - https:\/\/yoast.com\/product\/yoast-seo-wordpress\/ -->\n<title>El aeropuerto movilizar\u00e1 inversiones p\u00fablicas y privadas por valor de unos 5,5 millones de euros - Aeroport de Lleida-Alguaire<\/title>\n<meta name=\"robots\" content=\"index, follow, max-snippet:-1, max-image-preview:large, max-video-preview:-1\" \/>\n<link rel=\"canonical\" href=\"https:\/\/aeroportlleida.cat\/es\/el-aeropuerto-movilizara-inversiones-publicas-y-privadas-por-valor-de-unos-55-millones-de-euros\/\" \/>\n<meta property=\"og:locale\" content=\"es_ES\" \/>\n<meta property=\"og:type\" content=\"article\" \/>\n<meta property=\"og:title\" content=\"El aeropuerto movilizar\u00e1 inversiones p\u00fablicas y privadas por valor de unos 5,5 millones de euros - Aeroport de Lleida-Alguaire\" \/>\n<meta property=\"og:description\" content=\"El consejero de Territorio y Sostenibilidad, Dami\u00e0 Calvet, junto con el secretario de Infraestructuras y Movilidad, Isidre Gav\u00edn, ha visitado las instalaciones del aeropuerto de Lleida-Alguaire, y han anunciado que...\" \/>\n<meta property=\"og:url\" content=\"https:\/\/aeroportlleida.cat\/es\/el-aeropuerto-movilizara-inversiones-publicas-y-privadas-por-valor-de-unos-55-millones-de-euros\/\" \/>\n<meta property=\"og:site_name\" content=\"Aeroport de Lleida-Alguaire\" \/>\n<meta property=\"article:published_time\" content=\"2020-03-10T09:37:31+00:00\" \/>\n<meta property=\"article:modified_time\" content=\"2020-03-10T11:58:07+00:00\" \/>\n<meta property=\"og:image\" content=\"https:\/\/aeroportlleida.cat\/wp-content\/uploads\/2020\/03\/visitaconseller-1.jpg\" \/>\n\t<meta property=\"og:image:width\" content=\"1600\" \/>\n\t<meta property=\"og:image:height\" content=\"1200\" \/>\n\t<meta property=\"og:image:type\" content=\"image\/jpeg\" \/>\n<meta name=\"author\" content=\"Aerports.Cat\" \/>\n<meta name=\"twitter:card\" content=\"summary_large_image\" \/>\n<meta name=\"twitter:label1\" content=\"Escrito por\" \/>\n\t<meta name=\"twitter:data1\" content=\"Aerports.Cat\" \/>\n\t<meta name=\"twitter:label2\" content=\"Tiempo de lectura\" \/>\n\t<meta name=\"twitter:data2\" content=\"2 minutos\" \/>\n<script type=\"application\/ld+json\" class=\"yoast-schema-graph\">{\"@context\":\"https:\\\/\\\/schema.org\",\"@graph\":[{\"@type\":\"Article\",\"@id\":\"https:\\\/\\\/aeroportlleida.cat\\\/es\\\/el-aeropuerto-movilizara-inversiones-publicas-y-privadas-por-valor-de-unos-55-millones-de-euros\\\/#article\",\"isPartOf\":{\"@id\":\"https:\\\/\\\/aeroportlleida.cat\\\/es\\\/el-aeropuerto-movilizara-inversiones-publicas-y-privadas-por-valor-de-unos-55-millones-de-euros\\\/\"},\"author\":{\"name\":\"Aerports.Cat\",\"@id\":\"https:\\\/\\\/aeroportlleida.cat\\\/#\\\/schema\\\/person\\\/02d213a5e57e84b17a1b9fd0f235c7b4\"},\"headline\":\"El aeropuerto movilizar\u00e1 inversiones p\u00fablicas y privadas por valor de unos 5,5 millones de euros\",\"datePublished\":\"2020-03-10T09:37:31+00:00\",\"dateModified\":\"2020-03-10T11:58:07+00:00\",\"mainEntityOfPage\":{\"@id\":\"https:\\\/\\\/aeroportlleida.cat\\\/es\\\/el-aeropuerto-movilizara-inversiones-publicas-y-privadas-por-valor-de-unos-55-millones-de-euros\\\/\"},\"wordCount\":424,\"commentCount\":0,\"publisher\":{\"@id\":\"https:\\\/\\\/aeroportlleida.cat\\\/#organization\"},\"image\":{\"@id\":\"https:\\\/\\\/aeroportlleida.cat\\\/es\\\/el-aeropuerto-movilizara-inversiones-publicas-y-privadas-por-valor-de-unos-55-millones-de-euros\\\/#primaryimage\"},\"thumbnailUrl\":\"https:\\\/\\\/aeroportlleida.cat\\\/wp-content\\\/uploads\\\/2020\\\/03\\\/visitaconseller-1.jpg\",\"articleSection\":[\"noticies\"],\"inLanguage\":\"es\"},{\"@type\":\"WebPage\",\"@id\":\"https:\\\/\\\/aeroportlleida.cat\\\/es\\\/el-aeropuerto-movilizara-inversiones-publicas-y-privadas-por-valor-de-unos-55-millones-de-euros\\\/\",\"url\":\"https:\\\/\\\/aeroportlleida.cat\\\/es\\\/el-aeropuerto-movilizara-inversiones-publicas-y-privadas-por-valor-de-unos-55-millones-de-euros\\\/\",\"name\":\"El aeropuerto movilizar\u00e1 inversiones p\u00fablicas y privadas por valor de unos 5,5 millones de euros - Aeroport de Lleida-Alguaire\",\"isPartOf\":{\"@id\":\"https:\\\/\\\/aeroportlleida.cat\\\/#website\"},\"primaryImageOfPage\":{\"@id\":\"https:\\\/\\\/aeroportlleida.cat\\\/es\\\/el-aeropuerto-movilizara-inversiones-publicas-y-privadas-por-valor-de-unos-55-millones-de-euros\\\/#primaryimage\"},\"image\":{\"@id\":\"https:\\\/\\\/aeroportlleida.cat\\\/es\\\/el-aeropuerto-movilizara-inversiones-publicas-y-privadas-por-valor-de-unos-55-millones-de-euros\\\/#primaryimage\"},\"thumbnailUrl\":\"https:\\\/\\\/aeroportlleida.cat\\\/wp-content\\\/uploads\\\/2020\\\/03\\\/visitaconseller-1.jpg\",\"datePublished\":\"2020-03-10T09:37:31+00:00\",\"dateModified\":\"2020-03-10T11:58:07+00:00\",\"breadcrumb\":{\"@id\":\"https:\\\/\\\/aeroportlleida.cat\\\/es\\\/el-aeropuerto-movilizara-inversiones-publicas-y-privadas-por-valor-de-unos-55-millones-de-euros\\\/#breadcrumb\"},\"inLanguage\":\"es\",\"potentialAction\":[{\"@type\":\"ReadAction\",\"target\":[\"https:\\\/\\\/aeroportlleida.cat\\\/es\\\/el-aeropuerto-movilizara-inversiones-publicas-y-privadas-por-valor-de-unos-55-millones-de-euros\\\/\"]}]},{\"@type\":\"ImageObject\",\"inLanguage\":\"es\",\"@id\":\"https:\\\/\\\/aeroportlleida.cat\\\/es\\\/el-aeropuerto-movilizara-inversiones-publicas-y-privadas-por-valor-de-unos-55-millones-de-euros\\\/#primaryimage\",\"url\":\"https:\\\/\\\/aeroportlleida.cat\\\/wp-content\\\/uploads\\\/2020\\\/03\\\/visitaconseller-1.jpg\",\"contentUrl\":\"https:\\\/\\\/aeroportlleida.cat\\\/wp-content\\\/uploads\\\/2020\\\/03\\\/visitaconseller-1.jpg\",\"width\":1600,\"height\":1200},{\"@type\":\"BreadcrumbList\",\"@id\":\"https:\\\/\\\/aeroportlleida.cat\\\/es\\\/el-aeropuerto-movilizara-inversiones-publicas-y-privadas-por-valor-de-unos-55-millones-de-euros\\\/#breadcrumb\",\"itemListElement\":[{\"@type\":\"ListItem\",\"position\":1,\"name\":\"Inici\",\"item\":\"https:\\\/\\\/aeroportlleida.cat\\\/es\\\/\"},{\"@type\":\"ListItem\",\"position\":2,\"name\":\"El aeropuerto movilizar\u00e1 inversiones p\u00fablicas y privadas por valor de unos 5,5 millones de euros\"}]},{\"@type\":\"WebSite\",\"@id\":\"https:\\\/\\\/aeroportlleida.cat\\\/#website\",\"url\":\"https:\\\/\\\/aeroportlleida.cat\\\/\",\"name\":\"Aeroport de Lleida-Alguaire\",\"description\":\"Aeropuerto de Lleida-Alguaire\",\"publisher\":{\"@id\":\"https:\\\/\\\/aeroportlleida.cat\\\/#organization\"},\"potentialAction\":[{\"@type\":\"SearchAction\",\"target\":{\"@type\":\"EntryPoint\",\"urlTemplate\":\"https:\\\/\\\/aeroportlleida.cat\\\/?s={search_term_string}\"},\"query-input\":{\"@type\":\"PropertyValueSpecification\",\"valueRequired\":true,\"valueName\":\"search_term_string\"}}],\"inLanguage\":\"es\"},{\"@type\":\"Organization\",\"@id\":\"https:\\\/\\\/aeroportlleida.cat\\\/#organization\",\"name\":\"Aeroport de Lleida\",\"url\":\"https:\\\/\\\/aeroportlleida.cat\\\/\",\"logo\":{\"@type\":\"ImageObject\",\"inLanguage\":\"es\",\"@id\":\"https:\\\/\\\/aeroportlleida.cat\\\/#\\\/schema\\\/logo\\\/image\\\/\",\"url\":\"http:\\\/\\\/aeroportlleida.cat\\\/wp-content\\\/uploads\\\/2019\\\/04\\\/front-aero-lleida.jpg\",\"contentUrl\":\"http:\\\/\\\/aeroportlleida.cat\\\/wp-content\\\/uploads\\\/2019\\\/04\\\/front-aero-lleida.jpg\",\"width\":2000,\"height\":950,\"caption\":\"Aeroport de Lleida\"},\"image\":{\"@id\":\"https:\\\/\\\/aeroportlleida.cat\\\/#\\\/schema\\\/logo\\\/image\\\/\"}},{\"@type\":\"Person\",\"@id\":\"https:\\\/\\\/aeroportlleida.cat\\\/#\\\/schema\\\/person\\\/02d213a5e57e84b17a1b9fd0f235c7b4\",\"name\":\"Aerports.Cat\",\"image\":{\"@type\":\"ImageObject\",\"inLanguage\":\"es\",\"@id\":\"https:\\\/\\\/secure.gravatar.com\\\/avatar\\\/37ae9913330a8ba8ae5b70d45f94d09611bd4285ff19c4345f0f1bfa1f5937a3?s=96&d=mm&r=g\",\"url\":\"https:\\\/\\\/secure.gravatar.com\\\/avatar\\\/37ae9913330a8ba8ae5b70d45f94d09611bd4285ff19c4345f0f1bfa1f5937a3?s=96&d=mm&r=g\",\"contentUrl\":\"https:\\\/\\\/secure.gravatar.com\\\/avatar\\\/37ae9913330a8ba8ae5b70d45f94d09611bd4285ff19c4345f0f1bfa1f5937a3?s=96&d=mm&r=g\",\"caption\":\"Aerports.Cat\"},\"url\":\"https:\\\/\\\/aeroportlleida.cat\\\/es\\\/author\\\/elisab3th\\\/\"}]}<\/script>\n<!-- \/ Yoast SEO plugin. -->","yoast_head_json":{"title":"El aeropuerto movilizar\u00e1 inversiones p\u00fablicas y privadas por valor de unos 5,5 millones de euros - Aeroport de Lleida-Alguaire","robots":{"index":"index","follow":"follow","max-snippet":"max-snippet:-1","max-image-preview":"max-image-preview:large","max-video-preview":"max-video-preview:-1"},"canonical":"https:\/\/aeroportlleida.cat\/es\/el-aeropuerto-movilizara-inversiones-publicas-y-privadas-por-valor-de-unos-55-millones-de-euros\/","og_locale":"es_ES","og_type":"article","og_title":"El aeropuerto movilizar\u00e1 inversiones p\u00fablicas y privadas por valor de unos 5,5 millones de euros - Aeroport de Lleida-Alguaire","og_description":"El consejero de Territorio y Sostenibilidad, Dami\u00e0 Calvet, junto con el secretario de Infraestructuras y Movilidad, Isidre Gav\u00edn, ha visitado las instalaciones del aeropuerto de Lleida-Alguaire, y han anunciado que...","og_url":"https:\/\/aeroportlleida.cat\/es\/el-aeropuerto-movilizara-inversiones-publicas-y-privadas-por-valor-de-unos-55-millones-de-euros\/","og_site_name":"Aeroport de Lleida-Alguaire","article_published_time":"2020-03-10T09:37:31+00:00","article_modified_time":"2020-03-10T11:58:07+00:00","og_image":[{"width":1600,"height":1200,"url":"https:\/\/aeroportlleida.cat\/wp-content\/uploads\/2020\/03\/visitaconseller-1.jpg","type":"image\/jpeg"}],"author":"Aerports.Cat","twitter_card":"summary_large_image","twitter_misc":{"Escrito por":"Aerports.Cat","Tiempo de lectura":"2 minutos"},"schema":{"@context":"https:\/\/schema.org","@graph":[{"@type":"Article","@id":"https:\/\/aeroportlleida.cat\/es\/el-aeropuerto-movilizara-inversiones-publicas-y-privadas-por-valor-de-unos-55-millones-de-euros\/#article","isPartOf":{"@id":"https:\/\/aeroportlleida.cat\/es\/el-aeropuerto-movilizara-inversiones-publicas-y-privadas-por-valor-de-unos-55-millones-de-euros\/"},"author":{"name":"Aerports.Cat","@id":"https:\/\/aeroportlleida.cat\/#\/schema\/person\/02d213a5e57e84b17a1b9fd0f235c7b4"},"headline":"El aeropuerto movilizar\u00e1 inversiones p\u00fablicas y privadas por valor de unos 5,5 millones de euros","datePublished":"2020-03-10T09:37:31+00:00","dateModified":"2020-03-10T11:58:07+00:00","mainEntityOfPage":{"@id":"https:\/\/aeroportlleida.cat\/es\/el-aeropuerto-movilizara-inversiones-publicas-y-privadas-por-valor-de-unos-55-millones-de-euros\/"},"wordCount":424,"commentCount":0,"publisher":{"@id":"https:\/\/aeroportlleida.cat\/#organization"},"image":{"@id":"https:\/\/aeroportlleida.cat\/es\/el-aeropuerto-movilizara-inversiones-publicas-y-privadas-por-valor-de-unos-55-millones-de-euros\/#primaryimage"},"thumbnailUrl":"https:\/\/aeroportlleida.cat\/wp-content\/uploads\/2020\/03\/visitaconseller-1.jpg","articleSection":["noticies"],"inLanguage":"es"},{"@type":"WebPage","@id":"https:\/\/aeroportlleida.cat\/es\/el-aeropuerto-movilizara-inversiones-publicas-y-privadas-por-valor-de-unos-55-millones-de-euros\/","url":"https:\/\/aeroportlleida.cat\/es\/el-aeropuerto-movilizara-inversiones-publicas-y-privadas-por-valor-de-unos-55-millones-de-euros\/","name":"El aeropuerto movilizar\u00e1 inversiones p\u00fablicas y privadas por valor de unos 5,5 millones de euros - Aeroport de Lleida-Alguaire","isPartOf":{"@id":"https:\/\/aeroportlleida.cat\/#website"},"primaryImageOfPage":{"@id":"https:\/\/aeroportlleida.cat\/es\/el-aeropuerto-movilizara-inversiones-publicas-y-privadas-por-valor-de-unos-55-millones-de-euros\/#primaryimage"},"image":{"@id":"https:\/\/aeroportlleida.cat\/es\/el-aeropuerto-movilizara-inversiones-publicas-y-privadas-por-valor-de-unos-55-millones-de-euros\/#primaryimage"},"thumbnailUrl":"https:\/\/aeroportlleida.cat\/wp-content\/uploads\/2020\/03\/visitaconseller-1.jpg","datePublished":"2020-03-10T09:37:31+00:00","dateModified":"2020-03-10T11:58:07+00:00","breadcrumb":{"@id":"https:\/\/aeroportlleida.cat\/es\/el-aeropuerto-movilizara-inversiones-publicas-y-privadas-por-valor-de-unos-55-millones-de-euros\/#breadcrumb"},"inLanguage":"es","potentialAction":[{"@type":"ReadAction","target":["https:\/\/aeroportlleida.cat\/es\/el-aeropuerto-movilizara-inversiones-publicas-y-privadas-por-valor-de-unos-55-millones-de-euros\/"]}]},{"@type":"ImageObject","inLanguage":"es","@id":"https:\/\/aeroportlleida.cat\/es\/el-aeropuerto-movilizara-inversiones-publicas-y-privadas-por-valor-de-unos-55-millones-de-euros\/#primaryimage","url":"https:\/\/aeroportlleida.cat\/wp-content\/uploads\/2020\/03\/visitaconseller-1.jpg","contentUrl":"https:\/\/aeroportlleida.cat\/wp-content\/uploads\/2020\/03\/visitaconseller-1.jpg","width":1600,"height":1200},{"@type":"BreadcrumbList","@id":"https:\/\/aeroportlleida.cat\/es\/el-aeropuerto-movilizara-inversiones-publicas-y-privadas-por-valor-de-unos-55-millones-de-euros\/#breadcrumb","itemListElement":[{"@type":"ListItem","position":1,"name":"Inici","item":"https:\/\/aeroportlleida.cat\/es\/"},{"@type":"ListItem","position":2,"name":"El aeropuerto movilizar\u00e1 inversiones p\u00fablicas y privadas por valor de unos 5,5 millones de euros"}]},{"@type":"WebSite","@id":"https:\/\/aeroportlleida.cat\/#website","url":"https:\/\/aeroportlleida.cat\/","name":"Aeroport de Lleida-Alguaire","description":"Aeropuerto de Lleida-Alguaire","publisher":{"@id":"https:\/\/aeroportlleida.cat\/#organization"},"potentialAction":[{"@type":"SearchAction","target":{"@type":"EntryPoint","urlTemplate":"https:\/\/aeroportlleida.cat\/?s={search_term_string}"},"query-input":{"@type":"PropertyValueSpecification","valueRequired":true,"valueName":"search_term_string"}}],"inLanguage":"es"},{"@type":"Organization","@id":"https:\/\/aeroportlleida.cat\/#organization","name":"Aeroport de Lleida","url":"https:\/\/aeroportlleida.cat\/","logo":{"@type":"ImageObject","inLanguage":"es","@id":"https:\/\/aeroportlleida.cat\/#\/schema\/logo\/image\/","url":"http:\/\/aeroportlleida.cat\/wp-content\/uploads\/2019\/04\/front-aero-lleida.jpg","contentUrl":"http:\/\/aeroportlleida.cat\/wp-content\/uploads\/2019\/04\/front-aero-lleida.jpg","width":2000,"height":950,"caption":"Aeroport de Lleida"},"image":{"@id":"https:\/\/aeroportlleida.cat\/#\/schema\/logo\/image\/"}},{"@type":"Person","@id":"https:\/\/aeroportlleida.cat\/#\/schema\/person\/02d213a5e57e84b17a1b9fd0f235c7b4","name":"Aerports.Cat","image":{"@type":"ImageObject","inLanguage":"es","@id":"https:\/\/secure.gravatar.com\/avatar\/37ae9913330a8ba8ae5b70d45f94d09611bd4285ff19c4345f0f1bfa1f5937a3?s=96&d=mm&r=g","url":"https:\/\/secure.gravatar.com\/avatar\/37ae9913330a8ba8ae5b70d45f94d09611bd4285ff19c4345f0f1bfa1f5937a3?s=96&d=mm&r=g","contentUrl":"https:\/\/secure.gravatar.com\/avatar\/37ae9913330a8ba8ae5b70d45f94d09611bd4285ff19c4345f0f1bfa1f5937a3?s=96&d=mm&r=g","caption":"Aerports.Cat"},"url":"https:\/\/aeroportlleida.cat\/es\/author\/elisab3th\/"}]}},"_links":{"self":[{"href":"https:\/\/aeroportlleida.cat\/es\/wp-json\/wp\/v2\/posts\/18698","targetHints":{"allow":["GET"]}}],"collection":[{"href":"https:\/\/aeroportlleida.cat\/es\/wp-json\/wp\/v2\/posts"}],"about":[{"href":"https:\/\/aeroportlleida.cat\/es\/wp-json\/wp\/v2\/types\/post"}],"author":[{"embeddable":true,"href":"https:\/\/aeroportlleida.cat\/es\/wp-json\/wp\/v2\/users\/4"}],"replies":[{"embeddable":true,"href":"https:\/\/aeroportlleida.cat\/es\/wp-json\/wp\/v2\/comments?post=18698"}],"version-history":[{"count":1,"href":"https:\/\/aeroportlleida.cat\/es\/wp-json\/wp\/v2\/posts\/18698\/revisions"}],"predecessor-version":[{"id":18699,"href":"https:\/\/aeroportlleida.cat\/es\/wp-json\/wp\/v2\/posts\/18698\/revisions\/18699"}],"wp:featuredmedia":[{"embeddable":true,"href":"https:\/\/aeroportlleida.cat\/es\/wp-json\/wp\/v2\/media\/18696"}],"wp:attachment":[{"href":"https:\/\/aeroportlleida.cat\/es\/wp-json\/wp\/v2\/media?parent=18698"}],"wp:term":[{"taxonomy":"category","embeddable":true,"href":"https:\/\/aeroportlleida.cat\/es\/wp-json\/wp\/v2\/categories?post=18698"},{"taxonomy":"post_tag","embeddable":true,"href":"https:\/\/aeroportlleida.cat\/es\/wp-json\/wp\/v2\/tags?post=18698"}],"curies":[{"name":"wp","href":"https:\/\/api.w.org\/{rel}","templated":true}]}}