{"id":18762,"date":"2020-06-29T07:14:12","date_gmt":"2020-06-29T07:14:12","guid":{"rendered":"http:\/\/aeroportlleida.cat\/?p=18762"},"modified":"2020-06-29T07:16:00","modified_gmt":"2020-06-29T07:16:00","slug":"primer-paso-para-el-establecimiento-de-la-escuela-de-formacion-aeronautica-de-vilanova-i-la-geltru-en-el-aeropuerto-de-lleida-alguaire","status":"publish","type":"post","link":"https:\/\/aeroportlleida.cat\/es\/primer-paso-para-el-establecimiento-de-la-escuela-de-formacion-aeronautica-de-vilanova-i-la-geltru-en-el-aeropuerto-de-lleida-alguaire\/","title":{"rendered":"Primer paso para el establecimiento de la Escuela de Formaci\u00f3n Aeron\u00e1utica de Vilanova i la Geltr\u00fa en el aeropuerto de Lleida-Alguaire"},"content":{"rendered":"<p>El secretario de Infraestructuras y Movilidad y presidente de Aeroports de Catalunya, Isidre Gav\u00edn, y la alcaldesa de Vilanova y la Geltr\u00fa, Olga Arnau, han firmado el convenio de colaboraci\u00f3n entre ambas administraciones para el establecimiento de una escuela de formaci\u00f3n de mec\u00e1nicos aeron\u00e1uticos en el aeropuerto de Lleida-Alguaire.<\/p>\n<p>Este convenio es fruto de las sinergias entre la escuela de mec\u00e1nicos y el aeropuerto de Lleida-Alguaire, que consideran muy importante la dotaci\u00f3n de personal debidamente cualificado en el sector aeron\u00e1utico. Un sector en auge que requerir\u00e1 de personal formado para su futuro crecimiento.<\/p>\n<p>El secretario, Isidre Gav\u00edn, ha destacado que \u00abla apuesta del Gobierno de la Generalitat para disponer de un aeropuerto industrial y de servicios aeron\u00e1uticos en Alguaire se demuestra especialmente \u00fatil para desarrollar las actividades de formaci\u00f3n t\u00e9cnica propias del sector y permite esta alianza estrat\u00e9gica que nos aporta tambi\u00e9n un gran valor social \u00ab.<\/p>\n<p>Para Gav\u00edn, \u00abformar a los t\u00e9cnicos que un sector estrat\u00e9gico necesita en nuestro mujer oportunidades a nuestros j\u00f3venes y nos refuerza las capacidades industriales de pa\u00eds\u00bb.<\/p>\n<p>En el aeropuerto de Lleida-Alguaire est\u00e1n los espacios disponibles para poder instalar una escuela aeron\u00e1utica donde se puedan hacer pr\u00e1cticas con empresas que tienen necesidades reales de incorporar personal. Este convenio es el primer paso en esta direcci\u00f3n.<\/p>\n<p>La instalaci\u00f3n de esta escuela en el aeropuerto de Lleida-Alguaire es una oportunidad de formaci\u00f3n para las comarcas de Lleida en un sector con grandes expectativas de futuro.<\/p>\n<p>&nbsp;<\/p>\n","protected":false},"excerpt":{"rendered":"<p>El secretario de Infraestructuras y Movilidad y presidente de Aeroports de Catalunya, Isidre Gav\u00edn, y la alcaldesa de Vilanova y la Geltr\u00fa, Olga Arnau, han firmado el convenio de colaboraci\u00f3n&#8230;<\/p>\n","protected":false},"author":4,"featured_media":0,"comment_status":"open","ping_status":"open","sticky":false,"template":"","format":"standard","meta":{"footnotes":""},"categories":[90],"tags":[],"class_list":["post-18762","post","type-post","status-publish","format-standard","hentry","category-noticies-es"],"yoast_head":"<!-- This site is optimized with the Yoast SEO plugin v27.5 - https:\/\/yoast.com\/product\/yoast-seo-wordpress\/ -->\n<title>Primer paso para el establecimiento de la Escuela de Formaci\u00f3n Aeron\u00e1utica de Vilanova i la Geltr\u00fa en el aeropuerto de Lleida-Alguaire - Aeroport de Lleida-Alguaire<\/title>\n<meta name=\"robots\" content=\"index, follow, max-snippet:-1, max-image-preview:large, max-video-preview:-1\" \/>\n<link rel=\"canonical\" href=\"https:\/\/aeroportlleida.cat\/es\/primer-paso-para-el-establecimiento-de-la-escuela-de-formacion-aeronautica-de-vilanova-i-la-geltru-en-el-aeropuerto-de-lleida-alguaire\/\" \/>\n<meta property=\"og:locale\" content=\"es_ES\" \/>\n<meta property=\"og:type\" content=\"article\" \/>\n<meta property=\"og:title\" content=\"Primer paso para el establecimiento de la Escuela de Formaci\u00f3n Aeron\u00e1utica de Vilanova i la Geltr\u00fa en el aeropuerto de Lleida-Alguaire - Aeroport de Lleida-Alguaire\" \/>\n<meta property=\"og:description\" content=\"El secretario de Infraestructuras y Movilidad y presidente de Aeroports de Catalunya, Isidre Gav\u00edn, y la alcaldesa de Vilanova y la Geltr\u00fa, Olga Arnau, han firmado el convenio de colaboraci\u00f3n...\" \/>\n<meta property=\"og:url\" content=\"https:\/\/aeroportlleida.cat\/es\/primer-paso-para-el-establecimiento-de-la-escuela-de-formacion-aeronautica-de-vilanova-i-la-geltru-en-el-aeropuerto-de-lleida-alguaire\/\" \/>\n<meta property=\"og:site_name\" content=\"Aeroport de Lleida-Alguaire\" \/>\n<meta property=\"article:published_time\" content=\"2020-06-29T07:14:12+00:00\" \/>\n<meta property=\"article:modified_time\" content=\"2020-06-29T07:16:00+00:00\" \/>\n<meta name=\"author\" content=\"Aerports.Cat\" \/>\n<meta name=\"twitter:card\" content=\"summary_large_image\" \/>\n<meta name=\"twitter:label1\" content=\"Escrito por\" \/>\n\t<meta name=\"twitter:data1\" content=\"Aerports.Cat\" \/>\n\t<meta name=\"twitter:label2\" content=\"Tiempo de lectura\" \/>\n\t<meta name=\"twitter:data2\" content=\"1 minuto\" \/>\n<script type=\"application\/ld+json\" class=\"yoast-schema-graph\">{\"@context\":\"https:\\\/\\\/schema.org\",\"@graph\":[{\"@type\":\"Article\",\"@id\":\"https:\\\/\\\/aeroportlleida.cat\\\/es\\\/primer-paso-para-el-establecimiento-de-la-escuela-de-formacion-aeronautica-de-vilanova-i-la-geltru-en-el-aeropuerto-de-lleida-alguaire\\\/#article\",\"isPartOf\":{\"@id\":\"https:\\\/\\\/aeroportlleida.cat\\\/es\\\/primer-paso-para-el-establecimiento-de-la-escuela-de-formacion-aeronautica-de-vilanova-i-la-geltru-en-el-aeropuerto-de-lleida-alguaire\\\/\"},\"author\":{\"name\":\"Aerports.Cat\",\"@id\":\"https:\\\/\\\/aeroportlleida.cat\\\/#\\\/schema\\\/person\\\/02d213a5e57e84b17a1b9fd0f235c7b4\"},\"headline\":\"Primer paso para el establecimiento de la Escuela de Formaci\u00f3n Aeron\u00e1utica de Vilanova i la Geltr\u00fa en el aeropuerto de Lleida-Alguaire\",\"datePublished\":\"2020-06-29T07:14:12+00:00\",\"dateModified\":\"2020-06-29T07:16:00+00:00\",\"mainEntityOfPage\":{\"@id\":\"https:\\\/\\\/aeroportlleida.cat\\\/es\\\/primer-paso-para-el-establecimiento-de-la-escuela-de-formacion-aeronautica-de-vilanova-i-la-geltru-en-el-aeropuerto-de-lleida-alguaire\\\/\"},\"wordCount\":287,\"commentCount\":0,\"publisher\":{\"@id\":\"https:\\\/\\\/aeroportlleida.cat\\\/#organization\"},\"articleSection\":[\"noticies\"],\"inLanguage\":\"es\"},{\"@type\":\"WebPage\",\"@id\":\"https:\\\/\\\/aeroportlleida.cat\\\/es\\\/primer-paso-para-el-establecimiento-de-la-escuela-de-formacion-aeronautica-de-vilanova-i-la-geltru-en-el-aeropuerto-de-lleida-alguaire\\\/\",\"url\":\"https:\\\/\\\/aeroportlleida.cat\\\/es\\\/primer-paso-para-el-establecimiento-de-la-escuela-de-formacion-aeronautica-de-vilanova-i-la-geltru-en-el-aeropuerto-de-lleida-alguaire\\\/\",\"name\":\"Primer paso para el establecimiento de la Escuela de Formaci\u00f3n Aeron\u00e1utica de Vilanova i la Geltr\u00fa en el aeropuerto de Lleida-Alguaire - Aeroport de Lleida-Alguaire\",\"isPartOf\":{\"@id\":\"https:\\\/\\\/aeroportlleida.cat\\\/#website\"},\"datePublished\":\"2020-06-29T07:14:12+00:00\",\"dateModified\":\"2020-06-29T07:16:00+00:00\",\"breadcrumb\":{\"@id\":\"https:\\\/\\\/aeroportlleida.cat\\\/es\\\/primer-paso-para-el-establecimiento-de-la-escuela-de-formacion-aeronautica-de-vilanova-i-la-geltru-en-el-aeropuerto-de-lleida-alguaire\\\/#breadcrumb\"},\"inLanguage\":\"es\",\"potentialAction\":[{\"@type\":\"ReadAction\",\"target\":[\"https:\\\/\\\/aeroportlleida.cat\\\/es\\\/primer-paso-para-el-establecimiento-de-la-escuela-de-formacion-aeronautica-de-vilanova-i-la-geltru-en-el-aeropuerto-de-lleida-alguaire\\\/\"]}]},{\"@type\":\"BreadcrumbList\",\"@id\":\"https:\\\/\\\/aeroportlleida.cat\\\/es\\\/primer-paso-para-el-establecimiento-de-la-escuela-de-formacion-aeronautica-de-vilanova-i-la-geltru-en-el-aeropuerto-de-lleida-alguaire\\\/#breadcrumb\",\"itemListElement\":[{\"@type\":\"ListItem\",\"position\":1,\"name\":\"Inici\",\"item\":\"https:\\\/\\\/aeroportlleida.cat\\\/es\\\/\"},{\"@type\":\"ListItem\",\"position\":2,\"name\":\"Primer paso para el establecimiento de la Escuela de Formaci\u00f3n Aeron\u00e1utica de Vilanova i la Geltr\u00fa en el aeropuerto de Lleida-Alguaire\"}]},{\"@type\":\"WebSite\",\"@id\":\"https:\\\/\\\/aeroportlleida.cat\\\/#website\",\"url\":\"https:\\\/\\\/aeroportlleida.cat\\\/\",\"name\":\"Aeroport de Lleida-Alguaire\",\"description\":\"Aeropuerto de Lleida-Alguaire\",\"publisher\":{\"@id\":\"https:\\\/\\\/aeroportlleida.cat\\\/#organization\"},\"potentialAction\":[{\"@type\":\"SearchAction\",\"target\":{\"@type\":\"EntryPoint\",\"urlTemplate\":\"https:\\\/\\\/aeroportlleida.cat\\\/?s={search_term_string}\"},\"query-input\":{\"@type\":\"PropertyValueSpecification\",\"valueRequired\":true,\"valueName\":\"search_term_string\"}}],\"inLanguage\":\"es\"},{\"@type\":\"Organization\",\"@id\":\"https:\\\/\\\/aeroportlleida.cat\\\/#organization\",\"name\":\"Aeroport de Lleida\",\"url\":\"https:\\\/\\\/aeroportlleida.cat\\\/\",\"logo\":{\"@type\":\"ImageObject\",\"inLanguage\":\"es\",\"@id\":\"https:\\\/\\\/aeroportlleida.cat\\\/#\\\/schema\\\/logo\\\/image\\\/\",\"url\":\"http:\\\/\\\/aeroportlleida.cat\\\/wp-content\\\/uploads\\\/2019\\\/04\\\/front-aero-lleida.jpg\",\"contentUrl\":\"http:\\\/\\\/aeroportlleida.cat\\\/wp-content\\\/uploads\\\/2019\\\/04\\\/front-aero-lleida.jpg\",\"width\":2000,\"height\":950,\"caption\":\"Aeroport de Lleida\"},\"image\":{\"@id\":\"https:\\\/\\\/aeroportlleida.cat\\\/#\\\/schema\\\/logo\\\/image\\\/\"}},{\"@type\":\"Person\",\"@id\":\"https:\\\/\\\/aeroportlleida.cat\\\/#\\\/schema\\\/person\\\/02d213a5e57e84b17a1b9fd0f235c7b4\",\"name\":\"Aerports.Cat\",\"image\":{\"@type\":\"ImageObject\",\"inLanguage\":\"es\",\"@id\":\"https:\\\/\\\/secure.gravatar.com\\\/avatar\\\/37ae9913330a8ba8ae5b70d45f94d09611bd4285ff19c4345f0f1bfa1f5937a3?s=96&d=mm&r=g\",\"url\":\"https:\\\/\\\/secure.gravatar.com\\\/avatar\\\/37ae9913330a8ba8ae5b70d45f94d09611bd4285ff19c4345f0f1bfa1f5937a3?s=96&d=mm&r=g\",\"contentUrl\":\"https:\\\/\\\/secure.gravatar.com\\\/avatar\\\/37ae9913330a8ba8ae5b70d45f94d09611bd4285ff19c4345f0f1bfa1f5937a3?s=96&d=mm&r=g\",\"caption\":\"Aerports.Cat\"},\"url\":\"https:\\\/\\\/aeroportlleida.cat\\\/es\\\/author\\\/elisab3th\\\/\"}]}<\/script>\n<!-- \/ Yoast SEO plugin. -->","yoast_head_json":{"title":"Primer paso para el establecimiento de la Escuela de Formaci\u00f3n Aeron\u00e1utica de Vilanova i la Geltr\u00fa en el aeropuerto de Lleida-Alguaire - Aeroport de Lleida-Alguaire","robots":{"index":"index","follow":"follow","max-snippet":"max-snippet:-1","max-image-preview":"max-image-preview:large","max-video-preview":"max-video-preview:-1"},"canonical":"https:\/\/aeroportlleida.cat\/es\/primer-paso-para-el-establecimiento-de-la-escuela-de-formacion-aeronautica-de-vilanova-i-la-geltru-en-el-aeropuerto-de-lleida-alguaire\/","og_locale":"es_ES","og_type":"article","og_title":"Primer paso para el establecimiento de la Escuela de Formaci\u00f3n Aeron\u00e1utica de Vilanova i la Geltr\u00fa en el aeropuerto de Lleida-Alguaire - Aeroport de Lleida-Alguaire","og_description":"El secretario de Infraestructuras y Movilidad y presidente de Aeroports de Catalunya, Isidre Gav\u00edn, y la alcaldesa de Vilanova y la Geltr\u00fa, Olga Arnau, han firmado el convenio de colaboraci\u00f3n...","og_url":"https:\/\/aeroportlleida.cat\/es\/primer-paso-para-el-establecimiento-de-la-escuela-de-formacion-aeronautica-de-vilanova-i-la-geltru-en-el-aeropuerto-de-lleida-alguaire\/","og_site_name":"Aeroport de Lleida-Alguaire","article_published_time":"2020-06-29T07:14:12+00:00","article_modified_time":"2020-06-29T07:16:00+00:00","author":"Aerports.Cat","twitter_card":"summary_large_image","twitter_misc":{"Escrito por":"Aerports.Cat","Tiempo de lectura":"1 minuto"},"schema":{"@context":"https:\/\/schema.org","@graph":[{"@type":"Article","@id":"https:\/\/aeroportlleida.cat\/es\/primer-paso-para-el-establecimiento-de-la-escuela-de-formacion-aeronautica-de-vilanova-i-la-geltru-en-el-aeropuerto-de-lleida-alguaire\/#article","isPartOf":{"@id":"https:\/\/aeroportlleida.cat\/es\/primer-paso-para-el-establecimiento-de-la-escuela-de-formacion-aeronautica-de-vilanova-i-la-geltru-en-el-aeropuerto-de-lleida-alguaire\/"},"author":{"name":"Aerports.Cat","@id":"https:\/\/aeroportlleida.cat\/#\/schema\/person\/02d213a5e57e84b17a1b9fd0f235c7b4"},"headline":"Primer paso para el establecimiento de la Escuela de Formaci\u00f3n Aeron\u00e1utica de Vilanova i la Geltr\u00fa en el aeropuerto de Lleida-Alguaire","datePublished":"2020-06-29T07:14:12+00:00","dateModified":"2020-06-29T07:16:00+00:00","mainEntityOfPage":{"@id":"https:\/\/aeroportlleida.cat\/es\/primer-paso-para-el-establecimiento-de-la-escuela-de-formacion-aeronautica-de-vilanova-i-la-geltru-en-el-aeropuerto-de-lleida-alguaire\/"},"wordCount":287,"commentCount":0,"publisher":{"@id":"https:\/\/aeroportlleida.cat\/#organization"},"articleSection":["noticies"],"inLanguage":"es"},{"@type":"WebPage","@id":"https:\/\/aeroportlleida.cat\/es\/primer-paso-para-el-establecimiento-de-la-escuela-de-formacion-aeronautica-de-vilanova-i-la-geltru-en-el-aeropuerto-de-lleida-alguaire\/","url":"https:\/\/aeroportlleida.cat\/es\/primer-paso-para-el-establecimiento-de-la-escuela-de-formacion-aeronautica-de-vilanova-i-la-geltru-en-el-aeropuerto-de-lleida-alguaire\/","name":"Primer paso para el establecimiento de la Escuela de Formaci\u00f3n Aeron\u00e1utica de Vilanova i la Geltr\u00fa en el aeropuerto de Lleida-Alguaire - Aeroport de Lleida-Alguaire","isPartOf":{"@id":"https:\/\/aeroportlleida.cat\/#website"},"datePublished":"2020-06-29T07:14:12+00:00","dateModified":"2020-06-29T07:16:00+00:00","breadcrumb":{"@id":"https:\/\/aeroportlleida.cat\/es\/primer-paso-para-el-establecimiento-de-la-escuela-de-formacion-aeronautica-de-vilanova-i-la-geltru-en-el-aeropuerto-de-lleida-alguaire\/#breadcrumb"},"inLanguage":"es","potentialAction":[{"@type":"ReadAction","target":["https:\/\/aeroportlleida.cat\/es\/primer-paso-para-el-establecimiento-de-la-escuela-de-formacion-aeronautica-de-vilanova-i-la-geltru-en-el-aeropuerto-de-lleida-alguaire\/"]}]},{"@type":"BreadcrumbList","@id":"https:\/\/aeroportlleida.cat\/es\/primer-paso-para-el-establecimiento-de-la-escuela-de-formacion-aeronautica-de-vilanova-i-la-geltru-en-el-aeropuerto-de-lleida-alguaire\/#breadcrumb","itemListElement":[{"@type":"ListItem","position":1,"name":"Inici","item":"https:\/\/aeroportlleida.cat\/es\/"},{"@type":"ListItem","position":2,"name":"Primer paso para el establecimiento de la Escuela de Formaci\u00f3n Aeron\u00e1utica de Vilanova i la Geltr\u00fa en el aeropuerto de Lleida-Alguaire"}]},{"@type":"WebSite","@id":"https:\/\/aeroportlleida.cat\/#website","url":"https:\/\/aeroportlleida.cat\/","name":"Aeroport de Lleida-Alguaire","description":"Aeropuerto de Lleida-Alguaire","publisher":{"@id":"https:\/\/aeroportlleida.cat\/#organization"},"potentialAction":[{"@type":"SearchAction","target":{"@type":"EntryPoint","urlTemplate":"https:\/\/aeroportlleida.cat\/?s={search_term_string}"},"query-input":{"@type":"PropertyValueSpecification","valueRequired":true,"valueName":"search_term_string"}}],"inLanguage":"es"},{"@type":"Organization","@id":"https:\/\/aeroportlleida.cat\/#organization","name":"Aeroport de Lleida","url":"https:\/\/aeroportlleida.cat\/","logo":{"@type":"ImageObject","inLanguage":"es","@id":"https:\/\/aeroportlleida.cat\/#\/schema\/logo\/image\/","url":"http:\/\/aeroportlleida.cat\/wp-content\/uploads\/2019\/04\/front-aero-lleida.jpg","contentUrl":"http:\/\/aeroportlleida.cat\/wp-content\/uploads\/2019\/04\/front-aero-lleida.jpg","width":2000,"height":950,"caption":"Aeroport de Lleida"},"image":{"@id":"https:\/\/aeroportlleida.cat\/#\/schema\/logo\/image\/"}},{"@type":"Person","@id":"https:\/\/aeroportlleida.cat\/#\/schema\/person\/02d213a5e57e84b17a1b9fd0f235c7b4","name":"Aerports.Cat","image":{"@type":"ImageObject","inLanguage":"es","@id":"https:\/\/secure.gravatar.com\/avatar\/37ae9913330a8ba8ae5b70d45f94d09611bd4285ff19c4345f0f1bfa1f5937a3?s=96&d=mm&r=g","url":"https:\/\/secure.gravatar.com\/avatar\/37ae9913330a8ba8ae5b70d45f94d09611bd4285ff19c4345f0f1bfa1f5937a3?s=96&d=mm&r=g","contentUrl":"https:\/\/secure.gravatar.com\/avatar\/37ae9913330a8ba8ae5b70d45f94d09611bd4285ff19c4345f0f1bfa1f5937a3?s=96&d=mm&r=g","caption":"Aerports.Cat"},"url":"https:\/\/aeroportlleida.cat\/es\/author\/elisab3th\/"}]}},"_links":{"self":[{"href":"https:\/\/aeroportlleida.cat\/es\/wp-json\/wp\/v2\/posts\/18762","targetHints":{"allow":["GET"]}}],"collection":[{"href":"https:\/\/aeroportlleida.cat\/es\/wp-json\/wp\/v2\/posts"}],"about":[{"href":"https:\/\/aeroportlleida.cat\/es\/wp-json\/wp\/v2\/types\/post"}],"author":[{"embeddable":true,"href":"https:\/\/aeroportlleida.cat\/es\/wp-json\/wp\/v2\/users\/4"}],"replies":[{"embeddable":true,"href":"https:\/\/aeroportlleida.cat\/es\/wp-json\/wp\/v2\/comments?post=18762"}],"version-history":[{"count":1,"href":"https:\/\/aeroportlleida.cat\/es\/wp-json\/wp\/v2\/posts\/18762\/revisions"}],"predecessor-version":[{"id":18763,"href":"https:\/\/aeroportlleida.cat\/es\/wp-json\/wp\/v2\/posts\/18762\/revisions\/18763"}],"wp:attachment":[{"href":"https:\/\/aeroportlleida.cat\/es\/wp-json\/wp\/v2\/media?parent=18762"}],"wp:term":[{"taxonomy":"category","embeddable":true,"href":"https:\/\/aeroportlleida.cat\/es\/wp-json\/wp\/v2\/categories?post=18762"},{"taxonomy":"post_tag","embeddable":true,"href":"https:\/\/aeroportlleida.cat\/es\/wp-json\/wp\/v2\/tags?post=18762"}],"curies":[{"name":"wp","href":"https:\/\/api.w.org\/{rel}","templated":true}]}}