{"id":18814,"date":"2020-12-21T17:03:18","date_gmt":"2020-12-21T17:03:18","guid":{"rendered":"http:\/\/aeroportlleida.cat\/?p=18814"},"modified":"2021-03-31T01:19:04","modified_gmt":"2021-03-31T00:19:04","slug":"los-consejeros-calvet-y-el-homrani-presentan-la-escuela-de-formacion-aeronautica-efav-en-el-aeropuerto-de-lleida-alguaire-que-entrara-en-funcionamiento-el-primer-trimestre-de-2021","status":"publish","type":"post","link":"https:\/\/aeroportlleida.cat\/es\/los-consejeros-calvet-y-el-homrani-presentan-la-escuela-de-formacion-aeronautica-efav-en-el-aeropuerto-de-lleida-alguaire-que-entrara-en-funcionamiento-el-primer-trimestre-de-2021\/","title":{"rendered":"Los consejeros Calvet y El Homrani presentan la Escuela de Formaci\u00f3n Aeron\u00e1utica EFAV en el aeropuerto de Lleida-Alguaire, que entrar\u00e1 en funcionamiento el primer trimestre de 2021"},"content":{"rendered":"<p>El consejero de Territorio y Sostenibilidad, Dami\u00e0 Calvet, y el consejero de Trabajo, Asuntos Sociales y Familias, Chakir el Homrani, han visitado la futura escuela de mec\u00e1nicos aeron\u00e1uticos de la Escuela de Formaci\u00f3n Aeron\u00e1utica de Vilanova y la Geltr\u00fa (EFAV), que abrir\u00e1 sus puertas el primer trimestre de 2021 en el aeropuerto de Lleida-Alguaire. En el acto, tambi\u00e9n han participado el presidente de la Diputaci\u00f3n de Lleida, Joan Talarn, y la alcaldesa de Vilanova y la Geltr\u00fa, Olga Arnau, as\u00ed como el alcalde de Alguaire, Antoni Perea.<\/p>\n<p>La escuela nace gracias al impulso y colaboraci\u00f3n de diversas administraciones p\u00fablicas que han apostado por instalarla en el aeropuerto de Lleida-Alguaire, ya que su entorno de actividad aeron\u00e1utica lo hace un espacio id\u00f3neo para a programar cursos de formaci\u00f3n ocupacional de personal mec\u00e1nico en mantenimiento aeron\u00e1utico.<\/p>\n<p><img fetchpriority=\"high\" decoding=\"async\" class=\"size-medium wp-image-18809 aligncenter\" src=\"http:\/\/aeroportlleida.cat\/wp-content\/uploads\/2020\/12\/escolamecanics-300x225.jpg\" alt=\"\" width=\"300\" height=\"225\" srcset=\"https:\/\/aeroportlleida.cat\/wp-content\/uploads\/2020\/12\/escolamecanics-300x225.jpg 300w, https:\/\/aeroportlleida.cat\/wp-content\/uploads\/2020\/12\/escolamecanics-768x576.jpg 768w, https:\/\/aeroportlleida.cat\/wp-content\/uploads\/2020\/12\/escolamecanics-1024x768.jpg 1024w, https:\/\/aeroportlleida.cat\/wp-content\/uploads\/2020\/12\/escolamecanics-800x600.jpg 800w, https:\/\/aeroportlleida.cat\/wp-content\/uploads\/2020\/12\/escolamecanics-700x525.jpg 700w\" sizes=\"(max-width: 300px) 100vw, 300px\" \/>Actualmente, el aeropuerto de Lleida-Alguaire est\u00e1 desarrollando un espacio de co-working para poder acoger proyectos formativos y tecnol\u00f3gicos vinculados a la industria aeron\u00e1utica: habr\u00e1 un espacio de reuniones y clases te\u00f3ricas a una de las plantas de la torre de control y una parte del antiguo almac\u00e9n se convertir\u00e1 en espacio de pr\u00e1cticas y almac\u00e9n. Se reformar\u00e1n un total de 870m2 (en una primera fase) y el presupuesto de licitaci\u00f3n de estas obras ha sido de 49.343,81 euros.<\/p>\n<p>La instalaci\u00f3n de esta escuela en el aeropuerto de Lleida-Alguaire es una oportunidad de formaci\u00f3n para las comarcas de Lleida en un sector con buenas expectativas de futuro y en crecimiento, con un alt\u00edsimo \u00edndice de inserci\u00f3n laboral en un \u00e1mbito que tambi\u00e9n se encuentra en un contexto de relevo generacional.<\/p>\n<p>El Servicio P\u00fablico de Empleo de Catalu\u00f1a (SOC) y la Escuela de Formaci\u00f3n Aeron\u00e1utica de Vilanova refuerzan la oferta formativa en materia aeron\u00e1utica con el Certificado de Profesionalidad de Operaciones Auxiliares de Mantenimiento Aeron\u00e1utico que se impartir\u00e1 en el Aeropuerto de Lleida Alguaire.<\/p>\n<p>Los estudios del EFAV, adem\u00e1s, est\u00e1n reconocidos y avalados a nivel estatal y europeo, la escuela cuenta con una interesant\u00edsima red de colaboraciones y sinergias con empresas y organizaciones del sector aeron\u00e1utico, y el alumnado tiene un \u00edndice de inserci\u00f3n laboral del 100%.<\/p>\n<p>El aer\u00f3dromo de Lleida-Alguaire acoge la segunda sede de la EFAV gracias al convenio firmado el pasado mes de junio entre Aeropuertos de Catalu\u00f1a y el Ayuntamiento de Vilanova para el establecimiento de una escuela de formaci\u00f3n de mec\u00e1nicos aeron\u00e1uticos en Alguaire .<\/p>\n<p>Proyectos formativos como el que se ha presentado hoy son el sustrato para el \u00e9xito de la reorientaci\u00f3n estrat\u00e9gica del aeropuerto de Lleida-Alguaire como plataforma industrial, tecnol\u00f3gica y de formaci\u00f3n, al servicio de la industria aeron\u00e1utica.<\/p>\n<p>En el \u00e1mbito de la formaci\u00f3n, la EFAV se suma a las actuales escuelas de pilotos basadas en el aeropuerto: BAA Training, que pertenece al grupo de aviaci\u00f3n lituano Avia Solutions Group, y la BCN Flight School, propiedad del aeroclub de Sabadell.<\/p>\n<p>La presencia de una escuela de t\u00e9cnicos de mantenimiento en Lleida-Alguaire, en este caso, ha sido un elemento decisivo para que Avia Solutions Group haya decidido la creaci\u00f3n de una nueva empresa de mantenimiento de aeronaves, que estar\u00e1 basada en las instalaciones del aeropuerto de Lleida-Alguaire, ocupando uno de los hangares que recientemente se han instalado en el aeropuerto.<\/p>\n<p>Se trata pues, de un caso ilustrativo de formaci\u00f3n dual, en el que el centro educativo y empresa se corresponsabilizan de la formaci\u00f3n; un ejemplo tambi\u00e9n de retroalimentaci\u00f3n de los proyectos formativos, industriales y tecnol\u00f3gicos.<\/p>\n","protected":false},"excerpt":{"rendered":"<p>El consejero de Territorio y Sostenibilidad, Dami\u00e0 Calvet, y el consejero de Trabajo, Asuntos Sociales y Familias, Chakir el Homrani, han visitado la futura escuela de mec\u00e1nicos aeron\u00e1uticos de la&#8230;<\/p>\n","protected":false},"author":4,"featured_media":18809,"comment_status":"open","ping_status":"open","sticky":false,"template":"","format":"standard","meta":{"footnotes":""},"categories":[90],"tags":[],"class_list":["post-18814","post","type-post","status-publish","format-standard","has-post-thumbnail","hentry","category-noticies-es"],"yoast_head":"<!-- This site is optimized with the Yoast SEO plugin v27.5 - https:\/\/yoast.com\/product\/yoast-seo-wordpress\/ -->\n<title>Los consejeros Calvet y El Homrani presentan la Escuela de Formaci\u00f3n Aeron\u00e1utica EFAV en el aeropuerto de Lleida-Alguaire, que entrar\u00e1 en funcionamiento el primer trimestre de 2021 - Aeroport de Lleida-Alguaire<\/title>\n<meta name=\"robots\" content=\"index, follow, max-snippet:-1, max-image-preview:large, max-video-preview:-1\" \/>\n<link rel=\"canonical\" href=\"https:\/\/aeroportlleida.cat\/es\/los-consejeros-calvet-y-el-homrani-presentan-la-escuela-de-formacion-aeronautica-efav-en-el-aeropuerto-de-lleida-alguaire-que-entrara-en-funcionamiento-el-primer-trimestre-de-2021\/\" \/>\n<meta property=\"og:locale\" content=\"es_ES\" \/>\n<meta property=\"og:type\" content=\"article\" \/>\n<meta property=\"og:title\" content=\"Los consejeros Calvet y El Homrani presentan la Escuela de Formaci\u00f3n Aeron\u00e1utica EFAV en el aeropuerto de Lleida-Alguaire, que entrar\u00e1 en funcionamiento el primer trimestre de 2021 - Aeroport de Lleida-Alguaire\" \/>\n<meta property=\"og:description\" content=\"El consejero de Territorio y Sostenibilidad, Dami\u00e0 Calvet, y el consejero de Trabajo, Asuntos Sociales y Familias, Chakir el Homrani, han visitado la futura escuela de mec\u00e1nicos aeron\u00e1uticos de la...\" \/>\n<meta property=\"og:url\" content=\"https:\/\/aeroportlleida.cat\/es\/los-consejeros-calvet-y-el-homrani-presentan-la-escuela-de-formacion-aeronautica-efav-en-el-aeropuerto-de-lleida-alguaire-que-entrara-en-funcionamiento-el-primer-trimestre-de-2021\/\" \/>\n<meta property=\"og:site_name\" content=\"Aeroport de Lleida-Alguaire\" \/>\n<meta property=\"article:published_time\" content=\"2020-12-21T17:03:18+00:00\" \/>\n<meta property=\"article:modified_time\" content=\"2021-03-31T00:19:04+00:00\" \/>\n<meta property=\"og:image\" content=\"https:\/\/aeroportlleida.cat\/wp-content\/uploads\/2020\/12\/escolamecanics.jpg\" \/>\n\t<meta property=\"og:image:width\" content=\"4032\" \/>\n\t<meta property=\"og:image:height\" content=\"3024\" \/>\n\t<meta property=\"og:image:type\" content=\"image\/jpeg\" \/>\n<meta name=\"author\" content=\"Aerports.Cat\" \/>\n<meta name=\"twitter:card\" content=\"summary_large_image\" \/>\n<meta name=\"twitter:label1\" content=\"Escrito por\" \/>\n\t<meta name=\"twitter:data1\" content=\"Aerports.Cat\" \/>\n\t<meta name=\"twitter:label2\" content=\"Tiempo de lectura\" \/>\n\t<meta name=\"twitter:data2\" content=\"3 minutos\" \/>\n<script type=\"application\/ld+json\" class=\"yoast-schema-graph\">{\"@context\":\"https:\\\/\\\/schema.org\",\"@graph\":[{\"@type\":\"Article\",\"@id\":\"https:\\\/\\\/aeroportlleida.cat\\\/es\\\/los-consejeros-calvet-y-el-homrani-presentan-la-escuela-de-formacion-aeronautica-efav-en-el-aeropuerto-de-lleida-alguaire-que-entrara-en-funcionamiento-el-primer-trimestre-de-2021\\\/#article\",\"isPartOf\":{\"@id\":\"https:\\\/\\\/aeroportlleida.cat\\\/es\\\/los-consejeros-calvet-y-el-homrani-presentan-la-escuela-de-formacion-aeronautica-efav-en-el-aeropuerto-de-lleida-alguaire-que-entrara-en-funcionamiento-el-primer-trimestre-de-2021\\\/\"},\"author\":{\"name\":\"Aerports.Cat\",\"@id\":\"https:\\\/\\\/aeroportlleida.cat\\\/#\\\/schema\\\/person\\\/02d213a5e57e84b17a1b9fd0f235c7b4\"},\"headline\":\"Los consejeros Calvet y El Homrani presentan la Escuela de Formaci\u00f3n Aeron\u00e1utica EFAV en el aeropuerto de Lleida-Alguaire, que entrar\u00e1 en funcionamiento el primer trimestre de 2021\",\"datePublished\":\"2020-12-21T17:03:18+00:00\",\"dateModified\":\"2021-03-31T00:19:04+00:00\",\"mainEntityOfPage\":{\"@id\":\"https:\\\/\\\/aeroportlleida.cat\\\/es\\\/los-consejeros-calvet-y-el-homrani-presentan-la-escuela-de-formacion-aeronautica-efav-en-el-aeropuerto-de-lleida-alguaire-que-entrara-en-funcionamiento-el-primer-trimestre-de-2021\\\/\"},\"wordCount\":644,\"commentCount\":0,\"publisher\":{\"@id\":\"https:\\\/\\\/aeroportlleida.cat\\\/#organization\"},\"image\":{\"@id\":\"https:\\\/\\\/aeroportlleida.cat\\\/es\\\/los-consejeros-calvet-y-el-homrani-presentan-la-escuela-de-formacion-aeronautica-efav-en-el-aeropuerto-de-lleida-alguaire-que-entrara-en-funcionamiento-el-primer-trimestre-de-2021\\\/#primaryimage\"},\"thumbnailUrl\":\"https:\\\/\\\/aeroportlleida.cat\\\/wp-content\\\/uploads\\\/2020\\\/12\\\/escolamecanics.jpg\",\"articleSection\":[\"noticies\"],\"inLanguage\":\"es\"},{\"@type\":\"WebPage\",\"@id\":\"https:\\\/\\\/aeroportlleida.cat\\\/es\\\/los-consejeros-calvet-y-el-homrani-presentan-la-escuela-de-formacion-aeronautica-efav-en-el-aeropuerto-de-lleida-alguaire-que-entrara-en-funcionamiento-el-primer-trimestre-de-2021\\\/\",\"url\":\"https:\\\/\\\/aeroportlleida.cat\\\/es\\\/los-consejeros-calvet-y-el-homrani-presentan-la-escuela-de-formacion-aeronautica-efav-en-el-aeropuerto-de-lleida-alguaire-que-entrara-en-funcionamiento-el-primer-trimestre-de-2021\\\/\",\"name\":\"Los consejeros Calvet y El Homrani presentan la Escuela de Formaci\u00f3n Aeron\u00e1utica EFAV en el aeropuerto de Lleida-Alguaire, que entrar\u00e1 en funcionamiento el primer trimestre de 2021 - Aeroport de Lleida-Alguaire\",\"isPartOf\":{\"@id\":\"https:\\\/\\\/aeroportlleida.cat\\\/#website\"},\"primaryImageOfPage\":{\"@id\":\"https:\\\/\\\/aeroportlleida.cat\\\/es\\\/los-consejeros-calvet-y-el-homrani-presentan-la-escuela-de-formacion-aeronautica-efav-en-el-aeropuerto-de-lleida-alguaire-que-entrara-en-funcionamiento-el-primer-trimestre-de-2021\\\/#primaryimage\"},\"image\":{\"@id\":\"https:\\\/\\\/aeroportlleida.cat\\\/es\\\/los-consejeros-calvet-y-el-homrani-presentan-la-escuela-de-formacion-aeronautica-efav-en-el-aeropuerto-de-lleida-alguaire-que-entrara-en-funcionamiento-el-primer-trimestre-de-2021\\\/#primaryimage\"},\"thumbnailUrl\":\"https:\\\/\\\/aeroportlleida.cat\\\/wp-content\\\/uploads\\\/2020\\\/12\\\/escolamecanics.jpg\",\"datePublished\":\"2020-12-21T17:03:18+00:00\",\"dateModified\":\"2021-03-31T00:19:04+00:00\",\"breadcrumb\":{\"@id\":\"https:\\\/\\\/aeroportlleida.cat\\\/es\\\/los-consejeros-calvet-y-el-homrani-presentan-la-escuela-de-formacion-aeronautica-efav-en-el-aeropuerto-de-lleida-alguaire-que-entrara-en-funcionamiento-el-primer-trimestre-de-2021\\\/#breadcrumb\"},\"inLanguage\":\"es\",\"potentialAction\":[{\"@type\":\"ReadAction\",\"target\":[\"https:\\\/\\\/aeroportlleida.cat\\\/es\\\/los-consejeros-calvet-y-el-homrani-presentan-la-escuela-de-formacion-aeronautica-efav-en-el-aeropuerto-de-lleida-alguaire-que-entrara-en-funcionamiento-el-primer-trimestre-de-2021\\\/\"]}]},{\"@type\":\"ImageObject\",\"inLanguage\":\"es\",\"@id\":\"https:\\\/\\\/aeroportlleida.cat\\\/es\\\/los-consejeros-calvet-y-el-homrani-presentan-la-escuela-de-formacion-aeronautica-efav-en-el-aeropuerto-de-lleida-alguaire-que-entrara-en-funcionamiento-el-primer-trimestre-de-2021\\\/#primaryimage\",\"url\":\"https:\\\/\\\/aeroportlleida.cat\\\/wp-content\\\/uploads\\\/2020\\\/12\\\/escolamecanics.jpg\",\"contentUrl\":\"https:\\\/\\\/aeroportlleida.cat\\\/wp-content\\\/uploads\\\/2020\\\/12\\\/escolamecanics.jpg\",\"width\":4032,\"height\":3024},{\"@type\":\"BreadcrumbList\",\"@id\":\"https:\\\/\\\/aeroportlleida.cat\\\/es\\\/los-consejeros-calvet-y-el-homrani-presentan-la-escuela-de-formacion-aeronautica-efav-en-el-aeropuerto-de-lleida-alguaire-que-entrara-en-funcionamiento-el-primer-trimestre-de-2021\\\/#breadcrumb\",\"itemListElement\":[{\"@type\":\"ListItem\",\"position\":1,\"name\":\"Inici\",\"item\":\"https:\\\/\\\/aeroportlleida.cat\\\/es\\\/\"},{\"@type\":\"ListItem\",\"position\":2,\"name\":\"Los consejeros Calvet y El Homrani presentan la Escuela de Formaci\u00f3n Aeron\u00e1utica EFAV en el aeropuerto de Lleida-Alguaire, que entrar\u00e1 en funcionamiento el primer trimestre de 2021\"}]},{\"@type\":\"WebSite\",\"@id\":\"https:\\\/\\\/aeroportlleida.cat\\\/#website\",\"url\":\"https:\\\/\\\/aeroportlleida.cat\\\/\",\"name\":\"Aeroport de Lleida-Alguaire\",\"description\":\"Aeropuerto de Lleida-Alguaire\",\"publisher\":{\"@id\":\"https:\\\/\\\/aeroportlleida.cat\\\/#organization\"},\"potentialAction\":[{\"@type\":\"SearchAction\",\"target\":{\"@type\":\"EntryPoint\",\"urlTemplate\":\"https:\\\/\\\/aeroportlleida.cat\\\/?s={search_term_string}\"},\"query-input\":{\"@type\":\"PropertyValueSpecification\",\"valueRequired\":true,\"valueName\":\"search_term_string\"}}],\"inLanguage\":\"es\"},{\"@type\":\"Organization\",\"@id\":\"https:\\\/\\\/aeroportlleida.cat\\\/#organization\",\"name\":\"Aeroport de Lleida\",\"url\":\"https:\\\/\\\/aeroportlleida.cat\\\/\",\"logo\":{\"@type\":\"ImageObject\",\"inLanguage\":\"es\",\"@id\":\"https:\\\/\\\/aeroportlleida.cat\\\/#\\\/schema\\\/logo\\\/image\\\/\",\"url\":\"http:\\\/\\\/aeroportlleida.cat\\\/wp-content\\\/uploads\\\/2019\\\/04\\\/front-aero-lleida.jpg\",\"contentUrl\":\"http:\\\/\\\/aeroportlleida.cat\\\/wp-content\\\/uploads\\\/2019\\\/04\\\/front-aero-lleida.jpg\",\"width\":2000,\"height\":950,\"caption\":\"Aeroport de Lleida\"},\"image\":{\"@id\":\"https:\\\/\\\/aeroportlleida.cat\\\/#\\\/schema\\\/logo\\\/image\\\/\"}},{\"@type\":\"Person\",\"@id\":\"https:\\\/\\\/aeroportlleida.cat\\\/#\\\/schema\\\/person\\\/02d213a5e57e84b17a1b9fd0f235c7b4\",\"name\":\"Aerports.Cat\",\"image\":{\"@type\":\"ImageObject\",\"inLanguage\":\"es\",\"@id\":\"https:\\\/\\\/secure.gravatar.com\\\/avatar\\\/37ae9913330a8ba8ae5b70d45f94d09611bd4285ff19c4345f0f1bfa1f5937a3?s=96&d=mm&r=g\",\"url\":\"https:\\\/\\\/secure.gravatar.com\\\/avatar\\\/37ae9913330a8ba8ae5b70d45f94d09611bd4285ff19c4345f0f1bfa1f5937a3?s=96&d=mm&r=g\",\"contentUrl\":\"https:\\\/\\\/secure.gravatar.com\\\/avatar\\\/37ae9913330a8ba8ae5b70d45f94d09611bd4285ff19c4345f0f1bfa1f5937a3?s=96&d=mm&r=g\",\"caption\":\"Aerports.Cat\"},\"url\":\"https:\\\/\\\/aeroportlleida.cat\\\/es\\\/author\\\/elisab3th\\\/\"}]}<\/script>\n<!-- \/ Yoast SEO plugin. -->","yoast_head_json":{"title":"Los consejeros Calvet y El Homrani presentan la Escuela de Formaci\u00f3n Aeron\u00e1utica EFAV en el aeropuerto de Lleida-Alguaire, que entrar\u00e1 en funcionamiento el primer trimestre de 2021 - Aeroport de Lleida-Alguaire","robots":{"index":"index","follow":"follow","max-snippet":"max-snippet:-1","max-image-preview":"max-image-preview:large","max-video-preview":"max-video-preview:-1"},"canonical":"https:\/\/aeroportlleida.cat\/es\/los-consejeros-calvet-y-el-homrani-presentan-la-escuela-de-formacion-aeronautica-efav-en-el-aeropuerto-de-lleida-alguaire-que-entrara-en-funcionamiento-el-primer-trimestre-de-2021\/","og_locale":"es_ES","og_type":"article","og_title":"Los consejeros Calvet y El Homrani presentan la Escuela de Formaci\u00f3n Aeron\u00e1utica EFAV en el aeropuerto de Lleida-Alguaire, que entrar\u00e1 en funcionamiento el primer trimestre de 2021 - Aeroport de Lleida-Alguaire","og_description":"El consejero de Territorio y Sostenibilidad, Dami\u00e0 Calvet, y el consejero de Trabajo, Asuntos Sociales y Familias, Chakir el Homrani, han visitado la futura escuela de mec\u00e1nicos aeron\u00e1uticos de la...","og_url":"https:\/\/aeroportlleida.cat\/es\/los-consejeros-calvet-y-el-homrani-presentan-la-escuela-de-formacion-aeronautica-efav-en-el-aeropuerto-de-lleida-alguaire-que-entrara-en-funcionamiento-el-primer-trimestre-de-2021\/","og_site_name":"Aeroport de Lleida-Alguaire","article_published_time":"2020-12-21T17:03:18+00:00","article_modified_time":"2021-03-31T00:19:04+00:00","og_image":[{"width":4032,"height":3024,"url":"https:\/\/aeroportlleida.cat\/wp-content\/uploads\/2020\/12\/escolamecanics.jpg","type":"image\/jpeg"}],"author":"Aerports.Cat","twitter_card":"summary_large_image","twitter_misc":{"Escrito por":"Aerports.Cat","Tiempo de lectura":"3 minutos"},"schema":{"@context":"https:\/\/schema.org","@graph":[{"@type":"Article","@id":"https:\/\/aeroportlleida.cat\/es\/los-consejeros-calvet-y-el-homrani-presentan-la-escuela-de-formacion-aeronautica-efav-en-el-aeropuerto-de-lleida-alguaire-que-entrara-en-funcionamiento-el-primer-trimestre-de-2021\/#article","isPartOf":{"@id":"https:\/\/aeroportlleida.cat\/es\/los-consejeros-calvet-y-el-homrani-presentan-la-escuela-de-formacion-aeronautica-efav-en-el-aeropuerto-de-lleida-alguaire-que-entrara-en-funcionamiento-el-primer-trimestre-de-2021\/"},"author":{"name":"Aerports.Cat","@id":"https:\/\/aeroportlleida.cat\/#\/schema\/person\/02d213a5e57e84b17a1b9fd0f235c7b4"},"headline":"Los consejeros Calvet y El Homrani presentan la Escuela de Formaci\u00f3n Aeron\u00e1utica EFAV en el aeropuerto de Lleida-Alguaire, que entrar\u00e1 en funcionamiento el primer trimestre de 2021","datePublished":"2020-12-21T17:03:18+00:00","dateModified":"2021-03-31T00:19:04+00:00","mainEntityOfPage":{"@id":"https:\/\/aeroportlleida.cat\/es\/los-consejeros-calvet-y-el-homrani-presentan-la-escuela-de-formacion-aeronautica-efav-en-el-aeropuerto-de-lleida-alguaire-que-entrara-en-funcionamiento-el-primer-trimestre-de-2021\/"},"wordCount":644,"commentCount":0,"publisher":{"@id":"https:\/\/aeroportlleida.cat\/#organization"},"image":{"@id":"https:\/\/aeroportlleida.cat\/es\/los-consejeros-calvet-y-el-homrani-presentan-la-escuela-de-formacion-aeronautica-efav-en-el-aeropuerto-de-lleida-alguaire-que-entrara-en-funcionamiento-el-primer-trimestre-de-2021\/#primaryimage"},"thumbnailUrl":"https:\/\/aeroportlleida.cat\/wp-content\/uploads\/2020\/12\/escolamecanics.jpg","articleSection":["noticies"],"inLanguage":"es"},{"@type":"WebPage","@id":"https:\/\/aeroportlleida.cat\/es\/los-consejeros-calvet-y-el-homrani-presentan-la-escuela-de-formacion-aeronautica-efav-en-el-aeropuerto-de-lleida-alguaire-que-entrara-en-funcionamiento-el-primer-trimestre-de-2021\/","url":"https:\/\/aeroportlleida.cat\/es\/los-consejeros-calvet-y-el-homrani-presentan-la-escuela-de-formacion-aeronautica-efav-en-el-aeropuerto-de-lleida-alguaire-que-entrara-en-funcionamiento-el-primer-trimestre-de-2021\/","name":"Los consejeros Calvet y El Homrani presentan la Escuela de Formaci\u00f3n Aeron\u00e1utica EFAV en el aeropuerto de Lleida-Alguaire, que entrar\u00e1 en funcionamiento el primer trimestre de 2021 - Aeroport de Lleida-Alguaire","isPartOf":{"@id":"https:\/\/aeroportlleida.cat\/#website"},"primaryImageOfPage":{"@id":"https:\/\/aeroportlleida.cat\/es\/los-consejeros-calvet-y-el-homrani-presentan-la-escuela-de-formacion-aeronautica-efav-en-el-aeropuerto-de-lleida-alguaire-que-entrara-en-funcionamiento-el-primer-trimestre-de-2021\/#primaryimage"},"image":{"@id":"https:\/\/aeroportlleida.cat\/es\/los-consejeros-calvet-y-el-homrani-presentan-la-escuela-de-formacion-aeronautica-efav-en-el-aeropuerto-de-lleida-alguaire-que-entrara-en-funcionamiento-el-primer-trimestre-de-2021\/#primaryimage"},"thumbnailUrl":"https:\/\/aeroportlleida.cat\/wp-content\/uploads\/2020\/12\/escolamecanics.jpg","datePublished":"2020-12-21T17:03:18+00:00","dateModified":"2021-03-31T00:19:04+00:00","breadcrumb":{"@id":"https:\/\/aeroportlleida.cat\/es\/los-consejeros-calvet-y-el-homrani-presentan-la-escuela-de-formacion-aeronautica-efav-en-el-aeropuerto-de-lleida-alguaire-que-entrara-en-funcionamiento-el-primer-trimestre-de-2021\/#breadcrumb"},"inLanguage":"es","potentialAction":[{"@type":"ReadAction","target":["https:\/\/aeroportlleida.cat\/es\/los-consejeros-calvet-y-el-homrani-presentan-la-escuela-de-formacion-aeronautica-efav-en-el-aeropuerto-de-lleida-alguaire-que-entrara-en-funcionamiento-el-primer-trimestre-de-2021\/"]}]},{"@type":"ImageObject","inLanguage":"es","@id":"https:\/\/aeroportlleida.cat\/es\/los-consejeros-calvet-y-el-homrani-presentan-la-escuela-de-formacion-aeronautica-efav-en-el-aeropuerto-de-lleida-alguaire-que-entrara-en-funcionamiento-el-primer-trimestre-de-2021\/#primaryimage","url":"https:\/\/aeroportlleida.cat\/wp-content\/uploads\/2020\/12\/escolamecanics.jpg","contentUrl":"https:\/\/aeroportlleida.cat\/wp-content\/uploads\/2020\/12\/escolamecanics.jpg","width":4032,"height":3024},{"@type":"BreadcrumbList","@id":"https:\/\/aeroportlleida.cat\/es\/los-consejeros-calvet-y-el-homrani-presentan-la-escuela-de-formacion-aeronautica-efav-en-el-aeropuerto-de-lleida-alguaire-que-entrara-en-funcionamiento-el-primer-trimestre-de-2021\/#breadcrumb","itemListElement":[{"@type":"ListItem","position":1,"name":"Inici","item":"https:\/\/aeroportlleida.cat\/es\/"},{"@type":"ListItem","position":2,"name":"Los consejeros Calvet y El Homrani presentan la Escuela de Formaci\u00f3n Aeron\u00e1utica EFAV en el aeropuerto de Lleida-Alguaire, que entrar\u00e1 en funcionamiento el primer trimestre de 2021"}]},{"@type":"WebSite","@id":"https:\/\/aeroportlleida.cat\/#website","url":"https:\/\/aeroportlleida.cat\/","name":"Aeroport de Lleida-Alguaire","description":"Aeropuerto de Lleida-Alguaire","publisher":{"@id":"https:\/\/aeroportlleida.cat\/#organization"},"potentialAction":[{"@type":"SearchAction","target":{"@type":"EntryPoint","urlTemplate":"https:\/\/aeroportlleida.cat\/?s={search_term_string}"},"query-input":{"@type":"PropertyValueSpecification","valueRequired":true,"valueName":"search_term_string"}}],"inLanguage":"es"},{"@type":"Organization","@id":"https:\/\/aeroportlleida.cat\/#organization","name":"Aeroport de Lleida","url":"https:\/\/aeroportlleida.cat\/","logo":{"@type":"ImageObject","inLanguage":"es","@id":"https:\/\/aeroportlleida.cat\/#\/schema\/logo\/image\/","url":"http:\/\/aeroportlleida.cat\/wp-content\/uploads\/2019\/04\/front-aero-lleida.jpg","contentUrl":"http:\/\/aeroportlleida.cat\/wp-content\/uploads\/2019\/04\/front-aero-lleida.jpg","width":2000,"height":950,"caption":"Aeroport de Lleida"},"image":{"@id":"https:\/\/aeroportlleida.cat\/#\/schema\/logo\/image\/"}},{"@type":"Person","@id":"https:\/\/aeroportlleida.cat\/#\/schema\/person\/02d213a5e57e84b17a1b9fd0f235c7b4","name":"Aerports.Cat","image":{"@type":"ImageObject","inLanguage":"es","@id":"https:\/\/secure.gravatar.com\/avatar\/37ae9913330a8ba8ae5b70d45f94d09611bd4285ff19c4345f0f1bfa1f5937a3?s=96&d=mm&r=g","url":"https:\/\/secure.gravatar.com\/avatar\/37ae9913330a8ba8ae5b70d45f94d09611bd4285ff19c4345f0f1bfa1f5937a3?s=96&d=mm&r=g","contentUrl":"https:\/\/secure.gravatar.com\/avatar\/37ae9913330a8ba8ae5b70d45f94d09611bd4285ff19c4345f0f1bfa1f5937a3?s=96&d=mm&r=g","caption":"Aerports.Cat"},"url":"https:\/\/aeroportlleida.cat\/es\/author\/elisab3th\/"}]}},"_links":{"self":[{"href":"https:\/\/aeroportlleida.cat\/es\/wp-json\/wp\/v2\/posts\/18814","targetHints":{"allow":["GET"]}}],"collection":[{"href":"https:\/\/aeroportlleida.cat\/es\/wp-json\/wp\/v2\/posts"}],"about":[{"href":"https:\/\/aeroportlleida.cat\/es\/wp-json\/wp\/v2\/types\/post"}],"author":[{"embeddable":true,"href":"https:\/\/aeroportlleida.cat\/es\/wp-json\/wp\/v2\/users\/4"}],"replies":[{"embeddable":true,"href":"https:\/\/aeroportlleida.cat\/es\/wp-json\/wp\/v2\/comments?post=18814"}],"version-history":[{"count":2,"href":"https:\/\/aeroportlleida.cat\/es\/wp-json\/wp\/v2\/posts\/18814\/revisions"}],"predecessor-version":[{"id":18816,"href":"https:\/\/aeroportlleida.cat\/es\/wp-json\/wp\/v2\/posts\/18814\/revisions\/18816"}],"wp:featuredmedia":[{"embeddable":true,"href":"https:\/\/aeroportlleida.cat\/es\/wp-json\/wp\/v2\/media\/18809"}],"wp:attachment":[{"href":"https:\/\/aeroportlleida.cat\/es\/wp-json\/wp\/v2\/media?parent=18814"}],"wp:term":[{"taxonomy":"category","embeddable":true,"href":"https:\/\/aeroportlleida.cat\/es\/wp-json\/wp\/v2\/categories?post=18814"},{"taxonomy":"post_tag","embeddable":true,"href":"https:\/\/aeroportlleida.cat\/es\/wp-json\/wp\/v2\/tags?post=18814"}],"curies":[{"name":"wp","href":"https:\/\/api.w.org\/{rel}","templated":true}]}}