{"id":19275,"date":"2022-05-11T14:38:30","date_gmt":"2022-05-11T13:38:30","guid":{"rendered":"http:\/\/aeroportlleida.cat\/?p=19275"},"modified":"2022-05-11T14:52:46","modified_gmt":"2022-05-11T13:52:46","slug":"lleidaairchallenge-nou-espai-drons","status":"publish","type":"post","link":"https:\/\/aeroportlleida.cat\/es\/lleidaairchallenge-nou-espai-drons\/","title":{"rendered":"La Feria LleidaAirChallenge vuelve al Aeropuerto de Lleida-Alguaire con un nuevo espacio dedicado a los drones"},"content":{"rendered":"<p>La Feria Aeron\u00e1utica Lleida AirChallenge vuelve al Aeropuerto de Lleida-Alguaire despu\u00e9s de dos a\u00f1os sin poder celebrarse a causa de la pandemia. El certamen, que llega a la s\u00e9ptima edici\u00f3n, tendr\u00e1 lugar el fin de semana del 11 y 12 de junio, con casi un centenar de expositores entre escuelas de pilotos, escuelas de tripulantes de cabinas, empresas de helic\u00f3pteros, aeroclubs del territorio, federaciones a\u00e9reas, empresas de fabricaci\u00f3n y reparaci\u00f3n de aeronaves, escuelas de mec\u00e1nicos, empresas de new space y nuevas tecnolog\u00edas aeron\u00e1uticas y del espacio. Adem\u00e1s, tambi\u00e9n se haran una decena de conferencias previstas sobre drones y la nueva movilidad a\u00e9rea, el control a\u00e9reo o la formaci\u00f3n de pilotos.<\/p>\n<p>La Feria, de hecho, dispondr\u00e1 este a\u00f1o de una parte dedicada a los drones, una veintena de empresas vinculadas a este sector vendr\u00e1n a presentar sus experiencias con estos nuevos veh\u00edculos de movilidad a\u00e9rea y su futuro. Por eso tambi\u00e9n se ha decidido organizar, el s\u00e1bado y el domingo, exhibiciones de drones y demostrar sus posibilidades. Tambi\u00e9n se ha programado un taller para ni\u00f1os y ni\u00f1as para que conozcan c\u00f3mo funcionan los drones y su gesti\u00f3n en remoto.<\/p>\n<p>En la rueda de prensa de presentaci\u00f3n el secretario de Territorio y Movilidad, Isidre Gav\u00edn, ha se\u00f1alado que con la Feria Lleida AirChallenge <strong>\u201chemos conseguido crear una din\u00e1mica muy orientada a la profesionalizaci\u00f3n, por lo que no s\u00f3lo lo hemos recuperado, sino que ha crecido y es mucho m\u00e1s especializada\u201d<\/strong>. Gav\u00edn ha a\u00f1adido que el certamen pretende <strong>\u00abreforzar el rol de Lleida como un referente de aeropuerto industrial y de servicios, en la l\u00ednea del cambio de estrategia que se plante\u00f3 hace unos a\u00f1os\u00bb<\/strong>.<\/p>\n<p>El delegado del Govern en Lleida, Bernat Sol\u00e9, ha subrayado que LleidaAirChallenge es la \u00fanica feria de este \u00e1mbito en Catalunya y en el estado espa\u00f1ol. Tambi\u00e9n incidi\u00f3 en el peso que tendr\u00e1 en esta edici\u00f3n el sector de la nueva movilidad a\u00e9rea. En este sentido, record\u00f3 que una parte importante de las empresas que expondr\u00e1n por primera vez est\u00e1n vinculadas al mundo de los drones y sus aplicaciones. Sol\u00e9 ha valorado muy positivamente el incremento de su presencia dado que <strong>\u00abentronca con el objetivo y los esfuerzos del Govern para que Lleida-Alguaire se convierta en un aeropuerto industrial, tecnol\u00f3gico y aeroespacial de referencia en este \u00e1mbito\u00bb<\/strong>.<\/p>\n<p>Durante la Feria tambi\u00e9n se celebrar\u00e1 el campeonato de Espa\u00f1a de ULMs (ultraligeros) con m\u00e1s de una veintena de aeronaves que har\u00e1n diferentes exhibiciones de despegues y aterrizajes y tomas de precisi\u00f3n. Esta Feria se ha ido convirtiendo en una plataforma de negocio y de innovaci\u00f3n para que los expositores, p\u00fablico y amantes de la aviaci\u00f3n creen sinergias empresariales ampliando conocimientos, experiencia e informaci\u00f3n. Asimismo, tambi\u00e9n tiene como objetivo que empresas y visitantes conozcan las instalaciones del aeropuerto por posibles usos de las mismas. A modo de ejemplo, Cosmic Research, un expositor de ediciones anteriores, actualmente utiliza las instalaciones para realizar pruebas de sus cohetes. Tambi\u00e9n la Escuela de Formaci\u00f3n Aeron\u00e1utica de Vilanova y la Geltr\u00fa EFAV abri\u00f3 un nuevo centro de formaci\u00f3n de mec\u00e1nicos aeron\u00e1uticos en el Aeropuerto.<\/p>\n<p>A diferencia de a\u00f1os anteriores, en esta edici\u00f3n se mantendr\u00e1 el vuelo a Palma de Mallorca durante el viernes y tambi\u00e9n el domingo ya que la Fira se ha ubicado en un espacio de la plataforma que no interfiere con la aviaci\u00f3n comercial.<\/p>\n<p>Para m\u00e1s informaci\u00f3n (agenda, instalaciones, etc): <strong><a href=\"http:\/\/www.lleidaairchallenge.cat\">www.lleidaairchallenge.cat<\/a><\/strong><\/p>\n","protected":false},"excerpt":{"rendered":"<p>La Feria Aeron\u00e1utica Lleida AirChallenge vuelve al Aeropuerto de Lleida-Alguaire despu\u00e9s de dos a\u00f1os sin poder celebrarse a causa de la pandemia. El certamen, que llega a la s\u00e9ptima edici\u00f3n,&#8230;<\/p>\n","protected":false},"author":4,"featured_media":19279,"comment_status":"open","ping_status":"open","sticky":false,"template":"","format":"standard","meta":{"footnotes":""},"categories":[90,1],"tags":[],"class_list":["post-19275","post","type-post","status-publish","format-standard","has-post-thumbnail","hentry","category-noticies-es","category-sin-categorizar"],"yoast_head":"<!-- This site is optimized with the Yoast SEO plugin v27.5 - https:\/\/yoast.com\/product\/yoast-seo-wordpress\/ -->\n<title>La Feria LleidaAirChallenge vuelve al Aeropuerto de Lleida-Alguaire con un nuevo espacio dedicado a los drones - Aeroport de Lleida-Alguaire<\/title>\n<meta name=\"description\" content=\"La Feria Aeron\u00e1utica Lleida AirChallenge vuelve al Aeropuerto de Lleida-Alguaire despu\u00e9s de dos a\u00f1os sin poder celebrarse por la pandemia.\" \/>\n<meta name=\"robots\" content=\"index, follow, max-snippet:-1, max-image-preview:large, max-video-preview:-1\" \/>\n<link rel=\"canonical\" href=\"https:\/\/aeroportlleida.cat\/es\/lleidaairchallenge-nou-espai-drons\/\" \/>\n<meta property=\"og:locale\" content=\"es_ES\" \/>\n<meta property=\"og:type\" content=\"article\" \/>\n<meta property=\"og:title\" content=\"La Feria LleidaAirChallenge vuelve al Aeropuerto de Lleida-Alguaire con un nuevo espacio dedicado a los drones - Aeroport de Lleida-Alguaire\" \/>\n<meta property=\"og:description\" content=\"La Feria Aeron\u00e1utica Lleida AirChallenge vuelve al Aeropuerto de Lleida-Alguaire despu\u00e9s de dos a\u00f1os sin poder celebrarse por la pandemia.\" \/>\n<meta property=\"og:url\" content=\"https:\/\/aeroportlleida.cat\/es\/lleidaairchallenge-nou-espai-drons\/\" \/>\n<meta property=\"og:site_name\" content=\"Aeroport de Lleida-Alguaire\" \/>\n<meta property=\"article:published_time\" content=\"2022-05-11T13:38:30+00:00\" \/>\n<meta property=\"article:modified_time\" content=\"2022-05-11T13:52:46+00:00\" \/>\n<meta property=\"og:image\" content=\"https:\/\/aeroportlleida.cat\/wp-content\/uploads\/2022\/05\/presentacio-lleidaairchallenge.jpg\" \/>\n\t<meta property=\"og:image:width\" content=\"970\" \/>\n\t<meta property=\"og:image:height\" content=\"861\" \/>\n\t<meta property=\"og:image:type\" content=\"image\/jpeg\" \/>\n<meta name=\"author\" content=\"Aerports.Cat\" \/>\n<meta name=\"twitter:card\" content=\"summary_large_image\" \/>\n<meta name=\"twitter:label1\" content=\"Escrito por\" \/>\n\t<meta name=\"twitter:data1\" content=\"Aerports.Cat\" \/>\n\t<meta name=\"twitter:label2\" content=\"Tiempo de lectura\" \/>\n\t<meta name=\"twitter:data2\" content=\"3 minutos\" \/>\n<script type=\"application\/ld+json\" class=\"yoast-schema-graph\">{\"@context\":\"https:\\\/\\\/schema.org\",\"@graph\":[{\"@type\":\"Article\",\"@id\":\"https:\\\/\\\/aeroportlleida.cat\\\/es\\\/lleidaairchallenge-nou-espai-drons\\\/#article\",\"isPartOf\":{\"@id\":\"https:\\\/\\\/aeroportlleida.cat\\\/es\\\/lleidaairchallenge-nou-espai-drons\\\/\"},\"author\":{\"name\":\"Aerports.Cat\",\"@id\":\"https:\\\/\\\/aeroportlleida.cat\\\/#\\\/schema\\\/person\\\/02d213a5e57e84b17a1b9fd0f235c7b4\"},\"headline\":\"La Feria LleidaAirChallenge vuelve al Aeropuerto de Lleida-Alguaire con un nuevo espacio dedicado a los drones\",\"datePublished\":\"2022-05-11T13:38:30+00:00\",\"dateModified\":\"2022-05-11T13:52:46+00:00\",\"mainEntityOfPage\":{\"@id\":\"https:\\\/\\\/aeroportlleida.cat\\\/es\\\/lleidaairchallenge-nou-espai-drons\\\/\"},\"wordCount\":642,\"commentCount\":0,\"publisher\":{\"@id\":\"https:\\\/\\\/aeroportlleida.cat\\\/#organization\"},\"image\":{\"@id\":\"https:\\\/\\\/aeroportlleida.cat\\\/es\\\/lleidaairchallenge-nou-espai-drons\\\/#primaryimage\"},\"thumbnailUrl\":\"https:\\\/\\\/aeroportlleida.cat\\\/wp-content\\\/uploads\\\/2022\\\/05\\\/presentacio-lleidaairchallenge.jpg\",\"articleSection\":[\"noticies\",\"Sin categorizar\"],\"inLanguage\":\"es\"},{\"@type\":\"WebPage\",\"@id\":\"https:\\\/\\\/aeroportlleida.cat\\\/es\\\/lleidaairchallenge-nou-espai-drons\\\/\",\"url\":\"https:\\\/\\\/aeroportlleida.cat\\\/es\\\/lleidaairchallenge-nou-espai-drons\\\/\",\"name\":\"La Feria LleidaAirChallenge vuelve al Aeropuerto de Lleida-Alguaire con un nuevo espacio dedicado a los drones - Aeroport de Lleida-Alguaire\",\"isPartOf\":{\"@id\":\"https:\\\/\\\/aeroportlleida.cat\\\/#website\"},\"primaryImageOfPage\":{\"@id\":\"https:\\\/\\\/aeroportlleida.cat\\\/es\\\/lleidaairchallenge-nou-espai-drons\\\/#primaryimage\"},\"image\":{\"@id\":\"https:\\\/\\\/aeroportlleida.cat\\\/es\\\/lleidaairchallenge-nou-espai-drons\\\/#primaryimage\"},\"thumbnailUrl\":\"https:\\\/\\\/aeroportlleida.cat\\\/wp-content\\\/uploads\\\/2022\\\/05\\\/presentacio-lleidaairchallenge.jpg\",\"datePublished\":\"2022-05-11T13:38:30+00:00\",\"dateModified\":\"2022-05-11T13:52:46+00:00\",\"description\":\"La Feria Aeron\u00e1utica Lleida AirChallenge vuelve al Aeropuerto de Lleida-Alguaire despu\u00e9s de dos a\u00f1os sin poder celebrarse por la pandemia.\",\"breadcrumb\":{\"@id\":\"https:\\\/\\\/aeroportlleida.cat\\\/es\\\/lleidaairchallenge-nou-espai-drons\\\/#breadcrumb\"},\"inLanguage\":\"es\",\"potentialAction\":[{\"@type\":\"ReadAction\",\"target\":[\"https:\\\/\\\/aeroportlleida.cat\\\/es\\\/lleidaairchallenge-nou-espai-drons\\\/\"]}]},{\"@type\":\"ImageObject\",\"inLanguage\":\"es\",\"@id\":\"https:\\\/\\\/aeroportlleida.cat\\\/es\\\/lleidaairchallenge-nou-espai-drons\\\/#primaryimage\",\"url\":\"https:\\\/\\\/aeroportlleida.cat\\\/wp-content\\\/uploads\\\/2022\\\/05\\\/presentacio-lleidaairchallenge.jpg\",\"contentUrl\":\"https:\\\/\\\/aeroportlleida.cat\\\/wp-content\\\/uploads\\\/2022\\\/05\\\/presentacio-lleidaairchallenge.jpg\",\"width\":970,\"height\":861},{\"@type\":\"BreadcrumbList\",\"@id\":\"https:\\\/\\\/aeroportlleida.cat\\\/es\\\/lleidaairchallenge-nou-espai-drons\\\/#breadcrumb\",\"itemListElement\":[{\"@type\":\"ListItem\",\"position\":1,\"name\":\"Inici\",\"item\":\"https:\\\/\\\/aeroportlleida.cat\\\/es\\\/\"},{\"@type\":\"ListItem\",\"position\":2,\"name\":\"La Feria LleidaAirChallenge vuelve al Aeropuerto de Lleida-Alguaire con un nuevo espacio dedicado a los drones\"}]},{\"@type\":\"WebSite\",\"@id\":\"https:\\\/\\\/aeroportlleida.cat\\\/#website\",\"url\":\"https:\\\/\\\/aeroportlleida.cat\\\/\",\"name\":\"Aeroport de Lleida-Alguaire\",\"description\":\"Aeropuerto de Lleida-Alguaire\",\"publisher\":{\"@id\":\"https:\\\/\\\/aeroportlleida.cat\\\/#organization\"},\"potentialAction\":[{\"@type\":\"SearchAction\",\"target\":{\"@type\":\"EntryPoint\",\"urlTemplate\":\"https:\\\/\\\/aeroportlleida.cat\\\/?s={search_term_string}\"},\"query-input\":{\"@type\":\"PropertyValueSpecification\",\"valueRequired\":true,\"valueName\":\"search_term_string\"}}],\"inLanguage\":\"es\"},{\"@type\":\"Organization\",\"@id\":\"https:\\\/\\\/aeroportlleida.cat\\\/#organization\",\"name\":\"Aeroport de Lleida\",\"url\":\"https:\\\/\\\/aeroportlleida.cat\\\/\",\"logo\":{\"@type\":\"ImageObject\",\"inLanguage\":\"es\",\"@id\":\"https:\\\/\\\/aeroportlleida.cat\\\/#\\\/schema\\\/logo\\\/image\\\/\",\"url\":\"http:\\\/\\\/aeroportlleida.cat\\\/wp-content\\\/uploads\\\/2019\\\/04\\\/front-aero-lleida.jpg\",\"contentUrl\":\"http:\\\/\\\/aeroportlleida.cat\\\/wp-content\\\/uploads\\\/2019\\\/04\\\/front-aero-lleida.jpg\",\"width\":2000,\"height\":950,\"caption\":\"Aeroport de Lleida\"},\"image\":{\"@id\":\"https:\\\/\\\/aeroportlleida.cat\\\/#\\\/schema\\\/logo\\\/image\\\/\"}},{\"@type\":\"Person\",\"@id\":\"https:\\\/\\\/aeroportlleida.cat\\\/#\\\/schema\\\/person\\\/02d213a5e57e84b17a1b9fd0f235c7b4\",\"name\":\"Aerports.Cat\",\"image\":{\"@type\":\"ImageObject\",\"inLanguage\":\"es\",\"@id\":\"https:\\\/\\\/secure.gravatar.com\\\/avatar\\\/37ae9913330a8ba8ae5b70d45f94d09611bd4285ff19c4345f0f1bfa1f5937a3?s=96&d=mm&r=g\",\"url\":\"https:\\\/\\\/secure.gravatar.com\\\/avatar\\\/37ae9913330a8ba8ae5b70d45f94d09611bd4285ff19c4345f0f1bfa1f5937a3?s=96&d=mm&r=g\",\"contentUrl\":\"https:\\\/\\\/secure.gravatar.com\\\/avatar\\\/37ae9913330a8ba8ae5b70d45f94d09611bd4285ff19c4345f0f1bfa1f5937a3?s=96&d=mm&r=g\",\"caption\":\"Aerports.Cat\"},\"url\":\"https:\\\/\\\/aeroportlleida.cat\\\/es\\\/author\\\/elisab3th\\\/\"}]}<\/script>\n<!-- \/ Yoast SEO plugin. -->","yoast_head_json":{"title":"La Feria LleidaAirChallenge vuelve al Aeropuerto de Lleida-Alguaire con un nuevo espacio dedicado a los drones - Aeroport de Lleida-Alguaire","description":"La Feria Aeron\u00e1utica Lleida AirChallenge vuelve al Aeropuerto de Lleida-Alguaire despu\u00e9s de dos a\u00f1os sin poder celebrarse por la pandemia.","robots":{"index":"index","follow":"follow","max-snippet":"max-snippet:-1","max-image-preview":"max-image-preview:large","max-video-preview":"max-video-preview:-1"},"canonical":"https:\/\/aeroportlleida.cat\/es\/lleidaairchallenge-nou-espai-drons\/","og_locale":"es_ES","og_type":"article","og_title":"La Feria LleidaAirChallenge vuelve al Aeropuerto de Lleida-Alguaire con un nuevo espacio dedicado a los drones - Aeroport de Lleida-Alguaire","og_description":"La Feria Aeron\u00e1utica Lleida AirChallenge vuelve al Aeropuerto de Lleida-Alguaire despu\u00e9s de dos a\u00f1os sin poder celebrarse por la pandemia.","og_url":"https:\/\/aeroportlleida.cat\/es\/lleidaairchallenge-nou-espai-drons\/","og_site_name":"Aeroport de Lleida-Alguaire","article_published_time":"2022-05-11T13:38:30+00:00","article_modified_time":"2022-05-11T13:52:46+00:00","og_image":[{"width":970,"height":861,"url":"https:\/\/aeroportlleida.cat\/wp-content\/uploads\/2022\/05\/presentacio-lleidaairchallenge.jpg","type":"image\/jpeg"}],"author":"Aerports.Cat","twitter_card":"summary_large_image","twitter_misc":{"Escrito por":"Aerports.Cat","Tiempo de lectura":"3 minutos"},"schema":{"@context":"https:\/\/schema.org","@graph":[{"@type":"Article","@id":"https:\/\/aeroportlleida.cat\/es\/lleidaairchallenge-nou-espai-drons\/#article","isPartOf":{"@id":"https:\/\/aeroportlleida.cat\/es\/lleidaairchallenge-nou-espai-drons\/"},"author":{"name":"Aerports.Cat","@id":"https:\/\/aeroportlleida.cat\/#\/schema\/person\/02d213a5e57e84b17a1b9fd0f235c7b4"},"headline":"La Feria LleidaAirChallenge vuelve al Aeropuerto de Lleida-Alguaire con un nuevo espacio dedicado a los drones","datePublished":"2022-05-11T13:38:30+00:00","dateModified":"2022-05-11T13:52:46+00:00","mainEntityOfPage":{"@id":"https:\/\/aeroportlleida.cat\/es\/lleidaairchallenge-nou-espai-drons\/"},"wordCount":642,"commentCount":0,"publisher":{"@id":"https:\/\/aeroportlleida.cat\/#organization"},"image":{"@id":"https:\/\/aeroportlleida.cat\/es\/lleidaairchallenge-nou-espai-drons\/#primaryimage"},"thumbnailUrl":"https:\/\/aeroportlleida.cat\/wp-content\/uploads\/2022\/05\/presentacio-lleidaairchallenge.jpg","articleSection":["noticies","Sin categorizar"],"inLanguage":"es"},{"@type":"WebPage","@id":"https:\/\/aeroportlleida.cat\/es\/lleidaairchallenge-nou-espai-drons\/","url":"https:\/\/aeroportlleida.cat\/es\/lleidaairchallenge-nou-espai-drons\/","name":"La Feria LleidaAirChallenge vuelve al Aeropuerto de Lleida-Alguaire con un nuevo espacio dedicado a los drones - Aeroport de Lleida-Alguaire","isPartOf":{"@id":"https:\/\/aeroportlleida.cat\/#website"},"primaryImageOfPage":{"@id":"https:\/\/aeroportlleida.cat\/es\/lleidaairchallenge-nou-espai-drons\/#primaryimage"},"image":{"@id":"https:\/\/aeroportlleida.cat\/es\/lleidaairchallenge-nou-espai-drons\/#primaryimage"},"thumbnailUrl":"https:\/\/aeroportlleida.cat\/wp-content\/uploads\/2022\/05\/presentacio-lleidaairchallenge.jpg","datePublished":"2022-05-11T13:38:30+00:00","dateModified":"2022-05-11T13:52:46+00:00","description":"La Feria Aeron\u00e1utica Lleida AirChallenge vuelve al Aeropuerto de Lleida-Alguaire despu\u00e9s de dos a\u00f1os sin poder celebrarse por la pandemia.","breadcrumb":{"@id":"https:\/\/aeroportlleida.cat\/es\/lleidaairchallenge-nou-espai-drons\/#breadcrumb"},"inLanguage":"es","potentialAction":[{"@type":"ReadAction","target":["https:\/\/aeroportlleida.cat\/es\/lleidaairchallenge-nou-espai-drons\/"]}]},{"@type":"ImageObject","inLanguage":"es","@id":"https:\/\/aeroportlleida.cat\/es\/lleidaairchallenge-nou-espai-drons\/#primaryimage","url":"https:\/\/aeroportlleida.cat\/wp-content\/uploads\/2022\/05\/presentacio-lleidaairchallenge.jpg","contentUrl":"https:\/\/aeroportlleida.cat\/wp-content\/uploads\/2022\/05\/presentacio-lleidaairchallenge.jpg","width":970,"height":861},{"@type":"BreadcrumbList","@id":"https:\/\/aeroportlleida.cat\/es\/lleidaairchallenge-nou-espai-drons\/#breadcrumb","itemListElement":[{"@type":"ListItem","position":1,"name":"Inici","item":"https:\/\/aeroportlleida.cat\/es\/"},{"@type":"ListItem","position":2,"name":"La Feria LleidaAirChallenge vuelve al Aeropuerto de Lleida-Alguaire con un nuevo espacio dedicado a los drones"}]},{"@type":"WebSite","@id":"https:\/\/aeroportlleida.cat\/#website","url":"https:\/\/aeroportlleida.cat\/","name":"Aeroport de Lleida-Alguaire","description":"Aeropuerto de Lleida-Alguaire","publisher":{"@id":"https:\/\/aeroportlleida.cat\/#organization"},"potentialAction":[{"@type":"SearchAction","target":{"@type":"EntryPoint","urlTemplate":"https:\/\/aeroportlleida.cat\/?s={search_term_string}"},"query-input":{"@type":"PropertyValueSpecification","valueRequired":true,"valueName":"search_term_string"}}],"inLanguage":"es"},{"@type":"Organization","@id":"https:\/\/aeroportlleida.cat\/#organization","name":"Aeroport de Lleida","url":"https:\/\/aeroportlleida.cat\/","logo":{"@type":"ImageObject","inLanguage":"es","@id":"https:\/\/aeroportlleida.cat\/#\/schema\/logo\/image\/","url":"http:\/\/aeroportlleida.cat\/wp-content\/uploads\/2019\/04\/front-aero-lleida.jpg","contentUrl":"http:\/\/aeroportlleida.cat\/wp-content\/uploads\/2019\/04\/front-aero-lleida.jpg","width":2000,"height":950,"caption":"Aeroport de Lleida"},"image":{"@id":"https:\/\/aeroportlleida.cat\/#\/schema\/logo\/image\/"}},{"@type":"Person","@id":"https:\/\/aeroportlleida.cat\/#\/schema\/person\/02d213a5e57e84b17a1b9fd0f235c7b4","name":"Aerports.Cat","image":{"@type":"ImageObject","inLanguage":"es","@id":"https:\/\/secure.gravatar.com\/avatar\/37ae9913330a8ba8ae5b70d45f94d09611bd4285ff19c4345f0f1bfa1f5937a3?s=96&d=mm&r=g","url":"https:\/\/secure.gravatar.com\/avatar\/37ae9913330a8ba8ae5b70d45f94d09611bd4285ff19c4345f0f1bfa1f5937a3?s=96&d=mm&r=g","contentUrl":"https:\/\/secure.gravatar.com\/avatar\/37ae9913330a8ba8ae5b70d45f94d09611bd4285ff19c4345f0f1bfa1f5937a3?s=96&d=mm&r=g","caption":"Aerports.Cat"},"url":"https:\/\/aeroportlleida.cat\/es\/author\/elisab3th\/"}]}},"_links":{"self":[{"href":"https:\/\/aeroportlleida.cat\/es\/wp-json\/wp\/v2\/posts\/19275","targetHints":{"allow":["GET"]}}],"collection":[{"href":"https:\/\/aeroportlleida.cat\/es\/wp-json\/wp\/v2\/posts"}],"about":[{"href":"https:\/\/aeroportlleida.cat\/es\/wp-json\/wp\/v2\/types\/post"}],"author":[{"embeddable":true,"href":"https:\/\/aeroportlleida.cat\/es\/wp-json\/wp\/v2\/users\/4"}],"replies":[{"embeddable":true,"href":"https:\/\/aeroportlleida.cat\/es\/wp-json\/wp\/v2\/comments?post=19275"}],"version-history":[{"count":3,"href":"https:\/\/aeroportlleida.cat\/es\/wp-json\/wp\/v2\/posts\/19275\/revisions"}],"predecessor-version":[{"id":19286,"href":"https:\/\/aeroportlleida.cat\/es\/wp-json\/wp\/v2\/posts\/19275\/revisions\/19286"}],"wp:featuredmedia":[{"embeddable":true,"href":"https:\/\/aeroportlleida.cat\/es\/wp-json\/wp\/v2\/media\/19279"}],"wp:attachment":[{"href":"https:\/\/aeroportlleida.cat\/es\/wp-json\/wp\/v2\/media?parent=19275"}],"wp:term":[{"taxonomy":"category","embeddable":true,"href":"https:\/\/aeroportlleida.cat\/es\/wp-json\/wp\/v2\/categories?post=19275"},{"taxonomy":"post_tag","embeddable":true,"href":"https:\/\/aeroportlleida.cat\/es\/wp-json\/wp\/v2\/tags?post=19275"}],"curies":[{"name":"wp","href":"https:\/\/api.w.org\/{rel}","templated":true}]}}