{"id":19902,"date":"2023-09-27T10:55:02","date_gmt":"2023-09-27T09:55:02","guid":{"rendered":"http:\/\/aeroportlleida.cat\/?p=19902"},"modified":"2023-09-28T10:55:12","modified_gmt":"2023-09-28T09:55:12","slug":"la-fira-lleidaairchallenge-vuelve-al-aeropuerto-de-lleida-alguaire-con-nuevas-propuestas-y-una-nueva-ubicacion","status":"publish","type":"post","link":"https:\/\/aeroportlleida.cat\/es\/la-fira-lleidaairchallenge-vuelve-al-aeropuerto-de-lleida-alguaire-con-nuevas-propuestas-y-una-nueva-ubicacion\/","title":{"rendered":"La Fira LleidaAirChallenge vuelve al Aeropuerto de Lleida-Alguaire con nuevas propuestas y una nueva ubicaci\u00f3n"},"content":{"rendered":"<p>La Feria Aeron\u00e1utica Lleida AirChallenge vuelve al Aeropuerto de Lleida-Alguaire. Este a\u00f1o ser\u00e1 su octava edici\u00f3n y se celebra el s\u00e1bado 7 y el domingo 8 de octubre. Ser\u00eda la nueva edici\u00f3n si contamos que en octubre de 2013 se celebr\u00f3 la edici\u00f3n 0. Sigue siendo la la \u00fanica feria aenon\u00e1utica en Catalu\u00f1a y en Espa\u00f1a.<\/p>\n<p>La edici\u00f3n de este a\u00f1o de la feria contar\u00e1 con 96 expositores, que representan un 11% m\u00e1s que en el anterior. El recinto estrenar\u00e1 ubicaci\u00f3n, dado que se desplegar\u00e1 en la plataforma industrial. La estrategia del aeropuerto de estos \u00faltimos a\u00f1os ha hecho que se ampliaran sus usos hacia actividades aeron\u00e1uticas como la formaci\u00f3n, nuevas tecnolog\u00edas y desarrollo industrial aeron\u00e1utico entre otros. Y es justamente en esa zona de crecimiento donde se desarrollar\u00e1 la feria.<\/p>\n<p>Siguiendo este objetivo y visto el \u00e9xito del a\u00f1o pasado, la feria LleidaAirChallenge se est\u00e1 especializando, convirti\u00e9ndose en una feria de referencia en el sector de la aeron\u00e1utica y del aeroespacial.<\/p>\n<p>As\u00ed contar\u00e1 en tres grandes espacios dedicados a:<\/p>\n<p>New Space y nuevas tecnolog\u00edas aeron\u00e1uticas y del espacio, expondr\u00e1n empresas de formaci\u00f3n de pilotos de drones a empresas de cohetes, nuevos veh\u00edculos a\u00e9reos no tripulados y salidas profesionales u otras soluciones a\u00e9reas relacionadas con las nuevas movilidades a\u00e9reas. Repetir\u00e1 el taller de drones para ni\u00f1os y se ampl\u00eda la exhibici\u00f3n de drones, ya que el a\u00f1o pasado estas dos actividades fueron un \u00e9xito y tuvieron muy buen recibimiento por parte del p\u00fablico visitante.<\/p>\n<p>Formaci\u00f3n, otro gran espacio estar\u00e1 dedicado a escuelas de formaci\u00f3n de pilotos de aviaci\u00f3n general o pilotos comerciales, tripulantes de cabina, mec\u00e1nicos aeron\u00e1uticos, controladores a\u00e9reos, entre otros expositores del sector aeron\u00e1utico.<\/p>\n<p>Empresas del sector aeron\u00e1utico. En este escenario est\u00e1n previstos expositores de venta de aeronaves, alquiler de aeronaves, empresas de mantenimiento o fabricaci\u00f3n de aeronaves, federaciones, aeroclubes entre otros. Adem\u00e1s, habr\u00e1 una quincena de empresas que expusieron las suyas, en el espacio exterior de la feria.<\/p>\n<p>Adem\u00e1s, como en toda feria sectorial, habr\u00e1 conferencias relacionadas con las diferentes orientaciones estrat\u00e9gicas del aeropuerto y en las posibilidades laborales de \u00e9stas. La zona ferial la dividida en estos tres grandes grupos se asear\u00e1 en tres carpas grandes con expositores junto con una quincena de aeronaves de exposici\u00f3n y venta. Adem\u00e1s, habr\u00e1 un espacio para bar y varios foodtrucks.<\/p>\n<p>Este a\u00f1o la Federaci\u00f3n A\u00e9rea Catalana realizar\u00e1 demostraciones de las diferentes tipolog\u00edas de aviaci\u00f3n deportiva con autogiros, paramotores y aeromodelos.<\/p>\n<p>Otra novedad es un espacio dedicado a los simuladores de vuelo, en el que los visitantes podr\u00e1n experimentar el pilotaje de una aeronave. Tambi\u00e9n est\u00e1 programado ubicar m\u00e1s de un<br \/>\nglobo cautivo.<\/p>\n","protected":false},"excerpt":{"rendered":"<p>La Feria Aeron\u00e1utica Lleida AirChallenge vuelve al Aeropuerto de Lleida-Alguaire. Este a\u00f1o ser\u00e1 su octava edici\u00f3n y se celebra el s\u00e1bado 7 y el domingo 8 de octubre. Ser\u00eda la&#8230;<\/p>\n","protected":false},"author":8,"featured_media":19898,"comment_status":"open","ping_status":"open","sticky":false,"template":"","format":"standard","meta":{"footnotes":""},"categories":[90],"tags":[],"class_list":["post-19902","post","type-post","status-publish","format-standard","has-post-thumbnail","hentry","category-noticies-es"],"yoast_head":"<!-- This site is optimized with the Yoast SEO plugin v27.5 - https:\/\/yoast.com\/product\/yoast-seo-wordpress\/ -->\n<title>La Fira LleidaAirChallenge vuelve al Aeropuerto de Lleida-Alguaire con nuevas propuestas y una nueva ubicaci\u00f3n - Aeroport de Lleida-Alguaire<\/title>\n<meta name=\"robots\" content=\"index, follow, max-snippet:-1, max-image-preview:large, max-video-preview:-1\" \/>\n<link rel=\"canonical\" href=\"https:\/\/aeroportlleida.cat\/es\/la-fira-lleidaairchallenge-vuelve-al-aeropuerto-de-lleida-alguaire-con-nuevas-propuestas-y-una-nueva-ubicacion\/\" \/>\n<meta property=\"og:locale\" content=\"es_ES\" \/>\n<meta property=\"og:type\" content=\"article\" \/>\n<meta property=\"og:title\" content=\"La Fira LleidaAirChallenge vuelve al Aeropuerto de Lleida-Alguaire con nuevas propuestas y una nueva ubicaci\u00f3n - Aeroport de Lleida-Alguaire\" \/>\n<meta property=\"og:description\" content=\"La Feria Aeron\u00e1utica Lleida AirChallenge vuelve al Aeropuerto de Lleida-Alguaire. Este a\u00f1o ser\u00e1 su octava edici\u00f3n y se celebra el s\u00e1bado 7 y el domingo 8 de octubre. Ser\u00eda la...\" \/>\n<meta property=\"og:url\" content=\"https:\/\/aeroportlleida.cat\/es\/la-fira-lleidaairchallenge-vuelve-al-aeropuerto-de-lleida-alguaire-con-nuevas-propuestas-y-una-nueva-ubicacion\/\" \/>\n<meta property=\"og:site_name\" content=\"Aeroport de Lleida-Alguaire\" \/>\n<meta property=\"article:published_time\" content=\"2023-09-27T09:55:02+00:00\" \/>\n<meta property=\"article:modified_time\" content=\"2023-09-28T09:55:12+00:00\" \/>\n<meta property=\"og:image\" content=\"https:\/\/aeroportlleida.cat\/wp-content\/uploads\/2023\/09\/230926-Presentacio\u0301-8a-LleidaAirChallenge-2.jpg\" \/>\n\t<meta property=\"og:image:width\" content=\"1291\" \/>\n\t<meta property=\"og:image:height\" content=\"1095\" \/>\n\t<meta property=\"og:image:type\" content=\"image\/jpeg\" \/>\n<meta name=\"author\" content=\"Tecnic\" \/>\n<meta name=\"twitter:card\" content=\"summary_large_image\" \/>\n<meta name=\"twitter:label1\" content=\"Escrito por\" \/>\n\t<meta name=\"twitter:data1\" content=\"Tecnic\" \/>\n\t<meta name=\"twitter:label2\" content=\"Tiempo de lectura\" \/>\n\t<meta name=\"twitter:data2\" content=\"3 minutos\" \/>\n<script type=\"application\/ld+json\" class=\"yoast-schema-graph\">{\"@context\":\"https:\\\/\\\/schema.org\",\"@graph\":[{\"@type\":\"Article\",\"@id\":\"https:\\\/\\\/aeroportlleida.cat\\\/es\\\/la-fira-lleidaairchallenge-vuelve-al-aeropuerto-de-lleida-alguaire-con-nuevas-propuestas-y-una-nueva-ubicacion\\\/#article\",\"isPartOf\":{\"@id\":\"https:\\\/\\\/aeroportlleida.cat\\\/es\\\/la-fira-lleidaairchallenge-vuelve-al-aeropuerto-de-lleida-alguaire-con-nuevas-propuestas-y-una-nueva-ubicacion\\\/\"},\"author\":{\"name\":\"Tecnic\",\"@id\":\"https:\\\/\\\/aeroportlleida.cat\\\/#\\\/schema\\\/person\\\/8270911d351c62c23d8d6febb6cb2ae4\"},\"headline\":\"La Fira LleidaAirChallenge vuelve al Aeropuerto de Lleida-Alguaire con nuevas propuestas y una nueva ubicaci\u00f3n\",\"datePublished\":\"2023-09-27T09:55:02+00:00\",\"dateModified\":\"2023-09-28T09:55:12+00:00\",\"mainEntityOfPage\":{\"@id\":\"https:\\\/\\\/aeroportlleida.cat\\\/es\\\/la-fira-lleidaairchallenge-vuelve-al-aeropuerto-de-lleida-alguaire-con-nuevas-propuestas-y-una-nueva-ubicacion\\\/\"},\"wordCount\":500,\"commentCount\":0,\"publisher\":{\"@id\":\"https:\\\/\\\/aeroportlleida.cat\\\/#organization\"},\"image\":{\"@id\":\"https:\\\/\\\/aeroportlleida.cat\\\/es\\\/la-fira-lleidaairchallenge-vuelve-al-aeropuerto-de-lleida-alguaire-con-nuevas-propuestas-y-una-nueva-ubicacion\\\/#primaryimage\"},\"thumbnailUrl\":\"https:\\\/\\\/aeroportlleida.cat\\\/wp-content\\\/uploads\\\/2023\\\/09\\\/230926-Presentacio\u0301-8a-LleidaAirChallenge-2.jpg\",\"articleSection\":[\"noticies\"],\"inLanguage\":\"es\"},{\"@type\":\"WebPage\",\"@id\":\"https:\\\/\\\/aeroportlleida.cat\\\/es\\\/la-fira-lleidaairchallenge-vuelve-al-aeropuerto-de-lleida-alguaire-con-nuevas-propuestas-y-una-nueva-ubicacion\\\/\",\"url\":\"https:\\\/\\\/aeroportlleida.cat\\\/es\\\/la-fira-lleidaairchallenge-vuelve-al-aeropuerto-de-lleida-alguaire-con-nuevas-propuestas-y-una-nueva-ubicacion\\\/\",\"name\":\"La Fira LleidaAirChallenge vuelve al Aeropuerto de Lleida-Alguaire con nuevas propuestas y una nueva ubicaci\u00f3n - Aeroport de Lleida-Alguaire\",\"isPartOf\":{\"@id\":\"https:\\\/\\\/aeroportlleida.cat\\\/#website\"},\"primaryImageOfPage\":{\"@id\":\"https:\\\/\\\/aeroportlleida.cat\\\/es\\\/la-fira-lleidaairchallenge-vuelve-al-aeropuerto-de-lleida-alguaire-con-nuevas-propuestas-y-una-nueva-ubicacion\\\/#primaryimage\"},\"image\":{\"@id\":\"https:\\\/\\\/aeroportlleida.cat\\\/es\\\/la-fira-lleidaairchallenge-vuelve-al-aeropuerto-de-lleida-alguaire-con-nuevas-propuestas-y-una-nueva-ubicacion\\\/#primaryimage\"},\"thumbnailUrl\":\"https:\\\/\\\/aeroportlleida.cat\\\/wp-content\\\/uploads\\\/2023\\\/09\\\/230926-Presentacio\u0301-8a-LleidaAirChallenge-2.jpg\",\"datePublished\":\"2023-09-27T09:55:02+00:00\",\"dateModified\":\"2023-09-28T09:55:12+00:00\",\"breadcrumb\":{\"@id\":\"https:\\\/\\\/aeroportlleida.cat\\\/es\\\/la-fira-lleidaairchallenge-vuelve-al-aeropuerto-de-lleida-alguaire-con-nuevas-propuestas-y-una-nueva-ubicacion\\\/#breadcrumb\"},\"inLanguage\":\"es\",\"potentialAction\":[{\"@type\":\"ReadAction\",\"target\":[\"https:\\\/\\\/aeroportlleida.cat\\\/es\\\/la-fira-lleidaairchallenge-vuelve-al-aeropuerto-de-lleida-alguaire-con-nuevas-propuestas-y-una-nueva-ubicacion\\\/\"]}]},{\"@type\":\"ImageObject\",\"inLanguage\":\"es\",\"@id\":\"https:\\\/\\\/aeroportlleida.cat\\\/es\\\/la-fira-lleidaairchallenge-vuelve-al-aeropuerto-de-lleida-alguaire-con-nuevas-propuestas-y-una-nueva-ubicacion\\\/#primaryimage\",\"url\":\"https:\\\/\\\/aeroportlleida.cat\\\/wp-content\\\/uploads\\\/2023\\\/09\\\/230926-Presentacio\u0301-8a-LleidaAirChallenge-2.jpg\",\"contentUrl\":\"https:\\\/\\\/aeroportlleida.cat\\\/wp-content\\\/uploads\\\/2023\\\/09\\\/230926-Presentacio\u0301-8a-LleidaAirChallenge-2.jpg\",\"width\":1291,\"height\":1095},{\"@type\":\"BreadcrumbList\",\"@id\":\"https:\\\/\\\/aeroportlleida.cat\\\/es\\\/la-fira-lleidaairchallenge-vuelve-al-aeropuerto-de-lleida-alguaire-con-nuevas-propuestas-y-una-nueva-ubicacion\\\/#breadcrumb\",\"itemListElement\":[{\"@type\":\"ListItem\",\"position\":1,\"name\":\"Inici\",\"item\":\"https:\\\/\\\/aeroportlleida.cat\\\/es\\\/\"},{\"@type\":\"ListItem\",\"position\":2,\"name\":\"La Fira LleidaAirChallenge vuelve al Aeropuerto de Lleida-Alguaire con nuevas propuestas y una nueva ubicaci\u00f3n\"}]},{\"@type\":\"WebSite\",\"@id\":\"https:\\\/\\\/aeroportlleida.cat\\\/#website\",\"url\":\"https:\\\/\\\/aeroportlleida.cat\\\/\",\"name\":\"Aeroport de Lleida-Alguaire\",\"description\":\"Aeropuerto de Lleida-Alguaire\",\"publisher\":{\"@id\":\"https:\\\/\\\/aeroportlleida.cat\\\/#organization\"},\"potentialAction\":[{\"@type\":\"SearchAction\",\"target\":{\"@type\":\"EntryPoint\",\"urlTemplate\":\"https:\\\/\\\/aeroportlleida.cat\\\/?s={search_term_string}\"},\"query-input\":{\"@type\":\"PropertyValueSpecification\",\"valueRequired\":true,\"valueName\":\"search_term_string\"}}],\"inLanguage\":\"es\"},{\"@type\":\"Organization\",\"@id\":\"https:\\\/\\\/aeroportlleida.cat\\\/#organization\",\"name\":\"Aeroport de Lleida\",\"url\":\"https:\\\/\\\/aeroportlleida.cat\\\/\",\"logo\":{\"@type\":\"ImageObject\",\"inLanguage\":\"es\",\"@id\":\"https:\\\/\\\/aeroportlleida.cat\\\/#\\\/schema\\\/logo\\\/image\\\/\",\"url\":\"http:\\\/\\\/aeroportlleida.cat\\\/wp-content\\\/uploads\\\/2019\\\/04\\\/front-aero-lleida.jpg\",\"contentUrl\":\"http:\\\/\\\/aeroportlleida.cat\\\/wp-content\\\/uploads\\\/2019\\\/04\\\/front-aero-lleida.jpg\",\"width\":2000,\"height\":950,\"caption\":\"Aeroport de Lleida\"},\"image\":{\"@id\":\"https:\\\/\\\/aeroportlleida.cat\\\/#\\\/schema\\\/logo\\\/image\\\/\"}},{\"@type\":\"Person\",\"@id\":\"https:\\\/\\\/aeroportlleida.cat\\\/#\\\/schema\\\/person\\\/8270911d351c62c23d8d6febb6cb2ae4\",\"name\":\"Tecnic\",\"image\":{\"@type\":\"ImageObject\",\"inLanguage\":\"es\",\"@id\":\"https:\\\/\\\/secure.gravatar.com\\\/avatar\\\/f04ae207245779a101cd8940a7ec3eb3caaade6242760e26c768820b9ff3626b?s=96&d=mm&r=g\",\"url\":\"https:\\\/\\\/secure.gravatar.com\\\/avatar\\\/f04ae207245779a101cd8940a7ec3eb3caaade6242760e26c768820b9ff3626b?s=96&d=mm&r=g\",\"contentUrl\":\"https:\\\/\\\/secure.gravatar.com\\\/avatar\\\/f04ae207245779a101cd8940a7ec3eb3caaade6242760e26c768820b9ff3626b?s=96&d=mm&r=g\",\"caption\":\"Tecnic\"},\"url\":\"https:\\\/\\\/aeroportlleida.cat\\\/es\\\/author\\\/tecnic\\\/\"}]}<\/script>\n<!-- \/ Yoast SEO plugin. -->","yoast_head_json":{"title":"La Fira LleidaAirChallenge vuelve al Aeropuerto de Lleida-Alguaire con nuevas propuestas y una nueva ubicaci\u00f3n - Aeroport de Lleida-Alguaire","robots":{"index":"index","follow":"follow","max-snippet":"max-snippet:-1","max-image-preview":"max-image-preview:large","max-video-preview":"max-video-preview:-1"},"canonical":"https:\/\/aeroportlleida.cat\/es\/la-fira-lleidaairchallenge-vuelve-al-aeropuerto-de-lleida-alguaire-con-nuevas-propuestas-y-una-nueva-ubicacion\/","og_locale":"es_ES","og_type":"article","og_title":"La Fira LleidaAirChallenge vuelve al Aeropuerto de Lleida-Alguaire con nuevas propuestas y una nueva ubicaci\u00f3n - Aeroport de Lleida-Alguaire","og_description":"La Feria Aeron\u00e1utica Lleida AirChallenge vuelve al Aeropuerto de Lleida-Alguaire. Este a\u00f1o ser\u00e1 su octava edici\u00f3n y se celebra el s\u00e1bado 7 y el domingo 8 de octubre. Ser\u00eda la...","og_url":"https:\/\/aeroportlleida.cat\/es\/la-fira-lleidaairchallenge-vuelve-al-aeropuerto-de-lleida-alguaire-con-nuevas-propuestas-y-una-nueva-ubicacion\/","og_site_name":"Aeroport de Lleida-Alguaire","article_published_time":"2023-09-27T09:55:02+00:00","article_modified_time":"2023-09-28T09:55:12+00:00","og_image":[{"width":1291,"height":1095,"url":"https:\/\/aeroportlleida.cat\/wp-content\/uploads\/2023\/09\/230926-Presentacio\u0301-8a-LleidaAirChallenge-2.jpg","type":"image\/jpeg"}],"author":"Tecnic","twitter_card":"summary_large_image","twitter_misc":{"Escrito por":"Tecnic","Tiempo de lectura":"3 minutos"},"schema":{"@context":"https:\/\/schema.org","@graph":[{"@type":"Article","@id":"https:\/\/aeroportlleida.cat\/es\/la-fira-lleidaairchallenge-vuelve-al-aeropuerto-de-lleida-alguaire-con-nuevas-propuestas-y-una-nueva-ubicacion\/#article","isPartOf":{"@id":"https:\/\/aeroportlleida.cat\/es\/la-fira-lleidaairchallenge-vuelve-al-aeropuerto-de-lleida-alguaire-con-nuevas-propuestas-y-una-nueva-ubicacion\/"},"author":{"name":"Tecnic","@id":"https:\/\/aeroportlleida.cat\/#\/schema\/person\/8270911d351c62c23d8d6febb6cb2ae4"},"headline":"La Fira LleidaAirChallenge vuelve al Aeropuerto de Lleida-Alguaire con nuevas propuestas y una nueva ubicaci\u00f3n","datePublished":"2023-09-27T09:55:02+00:00","dateModified":"2023-09-28T09:55:12+00:00","mainEntityOfPage":{"@id":"https:\/\/aeroportlleida.cat\/es\/la-fira-lleidaairchallenge-vuelve-al-aeropuerto-de-lleida-alguaire-con-nuevas-propuestas-y-una-nueva-ubicacion\/"},"wordCount":500,"commentCount":0,"publisher":{"@id":"https:\/\/aeroportlleida.cat\/#organization"},"image":{"@id":"https:\/\/aeroportlleida.cat\/es\/la-fira-lleidaairchallenge-vuelve-al-aeropuerto-de-lleida-alguaire-con-nuevas-propuestas-y-una-nueva-ubicacion\/#primaryimage"},"thumbnailUrl":"https:\/\/aeroportlleida.cat\/wp-content\/uploads\/2023\/09\/230926-Presentacio\u0301-8a-LleidaAirChallenge-2.jpg","articleSection":["noticies"],"inLanguage":"es"},{"@type":"WebPage","@id":"https:\/\/aeroportlleida.cat\/es\/la-fira-lleidaairchallenge-vuelve-al-aeropuerto-de-lleida-alguaire-con-nuevas-propuestas-y-una-nueva-ubicacion\/","url":"https:\/\/aeroportlleida.cat\/es\/la-fira-lleidaairchallenge-vuelve-al-aeropuerto-de-lleida-alguaire-con-nuevas-propuestas-y-una-nueva-ubicacion\/","name":"La Fira LleidaAirChallenge vuelve al Aeropuerto de Lleida-Alguaire con nuevas propuestas y una nueva ubicaci\u00f3n - Aeroport de Lleida-Alguaire","isPartOf":{"@id":"https:\/\/aeroportlleida.cat\/#website"},"primaryImageOfPage":{"@id":"https:\/\/aeroportlleida.cat\/es\/la-fira-lleidaairchallenge-vuelve-al-aeropuerto-de-lleida-alguaire-con-nuevas-propuestas-y-una-nueva-ubicacion\/#primaryimage"},"image":{"@id":"https:\/\/aeroportlleida.cat\/es\/la-fira-lleidaairchallenge-vuelve-al-aeropuerto-de-lleida-alguaire-con-nuevas-propuestas-y-una-nueva-ubicacion\/#primaryimage"},"thumbnailUrl":"https:\/\/aeroportlleida.cat\/wp-content\/uploads\/2023\/09\/230926-Presentacio\u0301-8a-LleidaAirChallenge-2.jpg","datePublished":"2023-09-27T09:55:02+00:00","dateModified":"2023-09-28T09:55:12+00:00","breadcrumb":{"@id":"https:\/\/aeroportlleida.cat\/es\/la-fira-lleidaairchallenge-vuelve-al-aeropuerto-de-lleida-alguaire-con-nuevas-propuestas-y-una-nueva-ubicacion\/#breadcrumb"},"inLanguage":"es","potentialAction":[{"@type":"ReadAction","target":["https:\/\/aeroportlleida.cat\/es\/la-fira-lleidaairchallenge-vuelve-al-aeropuerto-de-lleida-alguaire-con-nuevas-propuestas-y-una-nueva-ubicacion\/"]}]},{"@type":"ImageObject","inLanguage":"es","@id":"https:\/\/aeroportlleida.cat\/es\/la-fira-lleidaairchallenge-vuelve-al-aeropuerto-de-lleida-alguaire-con-nuevas-propuestas-y-una-nueva-ubicacion\/#primaryimage","url":"https:\/\/aeroportlleida.cat\/wp-content\/uploads\/2023\/09\/230926-Presentacio\u0301-8a-LleidaAirChallenge-2.jpg","contentUrl":"https:\/\/aeroportlleida.cat\/wp-content\/uploads\/2023\/09\/230926-Presentacio\u0301-8a-LleidaAirChallenge-2.jpg","width":1291,"height":1095},{"@type":"BreadcrumbList","@id":"https:\/\/aeroportlleida.cat\/es\/la-fira-lleidaairchallenge-vuelve-al-aeropuerto-de-lleida-alguaire-con-nuevas-propuestas-y-una-nueva-ubicacion\/#breadcrumb","itemListElement":[{"@type":"ListItem","position":1,"name":"Inici","item":"https:\/\/aeroportlleida.cat\/es\/"},{"@type":"ListItem","position":2,"name":"La Fira LleidaAirChallenge vuelve al Aeropuerto de Lleida-Alguaire con nuevas propuestas y una nueva ubicaci\u00f3n"}]},{"@type":"WebSite","@id":"https:\/\/aeroportlleida.cat\/#website","url":"https:\/\/aeroportlleida.cat\/","name":"Aeroport de Lleida-Alguaire","description":"Aeropuerto de Lleida-Alguaire","publisher":{"@id":"https:\/\/aeroportlleida.cat\/#organization"},"potentialAction":[{"@type":"SearchAction","target":{"@type":"EntryPoint","urlTemplate":"https:\/\/aeroportlleida.cat\/?s={search_term_string}"},"query-input":{"@type":"PropertyValueSpecification","valueRequired":true,"valueName":"search_term_string"}}],"inLanguage":"es"},{"@type":"Organization","@id":"https:\/\/aeroportlleida.cat\/#organization","name":"Aeroport de Lleida","url":"https:\/\/aeroportlleida.cat\/","logo":{"@type":"ImageObject","inLanguage":"es","@id":"https:\/\/aeroportlleida.cat\/#\/schema\/logo\/image\/","url":"http:\/\/aeroportlleida.cat\/wp-content\/uploads\/2019\/04\/front-aero-lleida.jpg","contentUrl":"http:\/\/aeroportlleida.cat\/wp-content\/uploads\/2019\/04\/front-aero-lleida.jpg","width":2000,"height":950,"caption":"Aeroport de Lleida"},"image":{"@id":"https:\/\/aeroportlleida.cat\/#\/schema\/logo\/image\/"}},{"@type":"Person","@id":"https:\/\/aeroportlleida.cat\/#\/schema\/person\/8270911d351c62c23d8d6febb6cb2ae4","name":"Tecnic","image":{"@type":"ImageObject","inLanguage":"es","@id":"https:\/\/secure.gravatar.com\/avatar\/f04ae207245779a101cd8940a7ec3eb3caaade6242760e26c768820b9ff3626b?s=96&d=mm&r=g","url":"https:\/\/secure.gravatar.com\/avatar\/f04ae207245779a101cd8940a7ec3eb3caaade6242760e26c768820b9ff3626b?s=96&d=mm&r=g","contentUrl":"https:\/\/secure.gravatar.com\/avatar\/f04ae207245779a101cd8940a7ec3eb3caaade6242760e26c768820b9ff3626b?s=96&d=mm&r=g","caption":"Tecnic"},"url":"https:\/\/aeroportlleida.cat\/es\/author\/tecnic\/"}]}},"_links":{"self":[{"href":"https:\/\/aeroportlleida.cat\/es\/wp-json\/wp\/v2\/posts\/19902","targetHints":{"allow":["GET"]}}],"collection":[{"href":"https:\/\/aeroportlleida.cat\/es\/wp-json\/wp\/v2\/posts"}],"about":[{"href":"https:\/\/aeroportlleida.cat\/es\/wp-json\/wp\/v2\/types\/post"}],"author":[{"embeddable":true,"href":"https:\/\/aeroportlleida.cat\/es\/wp-json\/wp\/v2\/users\/8"}],"replies":[{"embeddable":true,"href":"https:\/\/aeroportlleida.cat\/es\/wp-json\/wp\/v2\/comments?post=19902"}],"version-history":[{"count":1,"href":"https:\/\/aeroportlleida.cat\/es\/wp-json\/wp\/v2\/posts\/19902\/revisions"}],"predecessor-version":[{"id":19903,"href":"https:\/\/aeroportlleida.cat\/es\/wp-json\/wp\/v2\/posts\/19902\/revisions\/19903"}],"wp:featuredmedia":[{"embeddable":true,"href":"https:\/\/aeroportlleida.cat\/es\/wp-json\/wp\/v2\/media\/19898"}],"wp:attachment":[{"href":"https:\/\/aeroportlleida.cat\/es\/wp-json\/wp\/v2\/media?parent=19902"}],"wp:term":[{"taxonomy":"category","embeddable":true,"href":"https:\/\/aeroportlleida.cat\/es\/wp-json\/wp\/v2\/categories?post=19902"},{"taxonomy":"post_tag","embeddable":true,"href":"https:\/\/aeroportlleida.cat\/es\/wp-json\/wp\/v2\/tags?post=19902"}],"curies":[{"name":"wp","href":"https:\/\/api.w.org\/{rel}","templated":true}]}}