{"id":19904,"date":"2023-09-13T10:56:04","date_gmt":"2023-09-13T09:56:04","guid":{"rendered":"http:\/\/aeroportlleida.cat\/?p=19904"},"modified":"2023-09-28T10:59:16","modified_gmt":"2023-09-28T09:59:16","slug":"laeroport-de-lleida-alguaire-inicia-els-treballs-per-convertir-se-en-un-hub-en-energia-verda-de-referencia-a-europa","status":"publish","type":"post","link":"https:\/\/aeroportlleida.cat\/es\/laeroport-de-lleida-alguaire-inicia-els-treballs-per-convertir-se-en-un-hub-en-energia-verda-de-referencia-a-europa\/","title":{"rendered":"El Aeropuerto de Lleida \u2013 Alguaire inicia sus trabajos para convertirse en un hub en energ\u00eda verde de referencia en Europa"},"content":{"rendered":"<p>El aeropuerto de Lleida-Alguaire iniciar\u00e1 en las pr\u00f3ximas semanas las obras de adecuaci\u00f3n para poder producir hidr\u00f3geno verde a partir de la energ\u00eda del parque fotovoltaico actual. Los principales trabajos ser\u00e1n la instalaci\u00f3n de un electrolizador para poder transformar la energ\u00eda y de una hidrolinera para el suministro del hidr\u00f3geno.<\/p>\n<p>La producci\u00f3n del hidr\u00f3geno empezar\u00e1 el pr\u00f3ximo verano, con el objetivo de captar industria aeron\u00e1utica y aeroespacial que est\u00e9 desarrollando soluciones basadas en motores el\u00e9ctricos, de hidr\u00f3geno y combustibles sint\u00e9ticos (SAF).<\/p>\n<p>Con este proyecto, el aeropuerto liderar\u00e1 en Europa la promoci\u00f3n de la energ\u00eda verde en la aviaci\u00f3n, consolid\u00e1ndose como un centro de I+D+i clave para la transici\u00f3n energ\u00e9tica y como un laboratorio de nuevos proyectos aeron\u00e1uticos y de el espacio en torno a los combustibles sostenibles.<\/p>\n<p>El parque fotovoltaico, que actualmente es de 0,3 MWh, se ampliar\u00e1 hasta los 2,5 MWh a principios del a\u00f1o 2025. La producci\u00f3n de hidr\u00f3geno verde alcanzar\u00e1 entonces las 50 toneladas anuales, una cifra que permitir\u00e1 aeropuerto convertirse en una isla energ\u00e9tica autosuficiente, adem\u00e1s de continuar suministrando electricidad e hidr\u00f3geno a las empresas. A modo de ejemplo, 50 toneladas de hidr\u00f3geno permiten recorrer 5 millones de kil\u00f3metros en coche y generan un ahorro de 12 toneladas anuales de CO2.<\/p>\n<p>La inversi\u00f3n prevista es de 3,2 millones de euros, 1,8 de los cuales provienen de fondos europeos Next generation y el resto corren a cargo de Aeropuertos de Catalu\u00f1a y del Estado. Los socios en la aplicaci\u00f3n del hidr\u00f3geno en veh\u00edculos terrestres y drones ser\u00e1n EVARM, una empresa de referencia en combustibles alternativos como el hidr\u00f3geno, y Aldoratech, que trabaja en aplicaciones industriales para drones. El proyecto tambi\u00e9n cuenta con la colaboraci\u00f3n de la Universidad Polit\u00e9cnica de Catalu\u00f1a y la Universidad Rovira i Virgili.<\/p>\n","protected":false},"excerpt":{"rendered":"<p>El aeropuerto de Lleida-Alguaire iniciar\u00e1 en las pr\u00f3ximas semanas las obras de adecuaci\u00f3n para poder producir hidr\u00f3geno verde a partir de la energ\u00eda del parque fotovoltaico actual. Los principales trabajos&#8230;<\/p>\n","protected":false},"author":8,"featured_media":19905,"comment_status":"open","ping_status":"open","sticky":false,"template":"","format":"standard","meta":{"footnotes":""},"categories":[90],"tags":[],"class_list":["post-19904","post","type-post","status-publish","format-standard","has-post-thumbnail","hentry","category-noticies-es"],"yoast_head":"<!-- This site is optimized with the Yoast SEO plugin v27.5 - https:\/\/yoast.com\/product\/yoast-seo-wordpress\/ -->\n<title>El Aeropuerto de Lleida \u2013 Alguaire inicia sus trabajos para convertirse en un hub en energ\u00eda verde de referencia en Europa - Aeroport de Lleida-Alguaire<\/title>\n<meta name=\"robots\" content=\"index, follow, max-snippet:-1, max-image-preview:large, max-video-preview:-1\" \/>\n<link rel=\"canonical\" href=\"https:\/\/aeroportlleida.cat\/es\/laeroport-de-lleida-alguaire-inicia-els-treballs-per-convertir-se-en-un-hub-en-energia-verda-de-referencia-a-europa\/\" \/>\n<meta property=\"og:locale\" content=\"es_ES\" \/>\n<meta property=\"og:type\" content=\"article\" \/>\n<meta property=\"og:title\" content=\"El Aeropuerto de Lleida \u2013 Alguaire inicia sus trabajos para convertirse en un hub en energ\u00eda verde de referencia en Europa - Aeroport de Lleida-Alguaire\" \/>\n<meta property=\"og:description\" content=\"El aeropuerto de Lleida-Alguaire iniciar\u00e1 en las pr\u00f3ximas semanas las obras de adecuaci\u00f3n para poder producir hidr\u00f3geno verde a partir de la energ\u00eda del parque fotovoltaico actual. Los principales trabajos...\" \/>\n<meta property=\"og:url\" content=\"https:\/\/aeroportlleida.cat\/es\/laeroport-de-lleida-alguaire-inicia-els-treballs-per-convertir-se-en-un-hub-en-energia-verda-de-referencia-a-europa\/\" \/>\n<meta property=\"og:site_name\" content=\"Aeroport de Lleida-Alguaire\" \/>\n<meta property=\"article:published_time\" content=\"2023-09-13T09:56:04+00:00\" \/>\n<meta property=\"article:modified_time\" content=\"2023-09-28T09:59:16+00:00\" \/>\n<meta property=\"og:image\" content=\"https:\/\/aeroportlleida.cat\/wp-content\/uploads\/2023\/09\/foto2.jpg\" \/>\n\t<meta property=\"og:image:width\" content=\"2048\" \/>\n\t<meta property=\"og:image:height\" content=\"1366\" \/>\n\t<meta property=\"og:image:type\" content=\"image\/jpeg\" \/>\n<meta name=\"author\" content=\"Tecnic\" \/>\n<meta name=\"twitter:card\" content=\"summary_large_image\" \/>\n<meta name=\"twitter:label1\" content=\"Escrito por\" \/>\n\t<meta name=\"twitter:data1\" content=\"Tecnic\" \/>\n\t<meta name=\"twitter:label2\" content=\"Tiempo de lectura\" \/>\n\t<meta name=\"twitter:data2\" content=\"2 minutos\" \/>\n<script type=\"application\/ld+json\" class=\"yoast-schema-graph\">{\"@context\":\"https:\\\/\\\/schema.org\",\"@graph\":[{\"@type\":\"Article\",\"@id\":\"https:\\\/\\\/aeroportlleida.cat\\\/es\\\/laeroport-de-lleida-alguaire-inicia-els-treballs-per-convertir-se-en-un-hub-en-energia-verda-de-referencia-a-europa\\\/#article\",\"isPartOf\":{\"@id\":\"https:\\\/\\\/aeroportlleida.cat\\\/es\\\/laeroport-de-lleida-alguaire-inicia-els-treballs-per-convertir-se-en-un-hub-en-energia-verda-de-referencia-a-europa\\\/\"},\"author\":{\"name\":\"Tecnic\",\"@id\":\"https:\\\/\\\/aeroportlleida.cat\\\/#\\\/schema\\\/person\\\/8270911d351c62c23d8d6febb6cb2ae4\"},\"headline\":\"El Aeropuerto de Lleida \u2013 Alguaire inicia sus trabajos para convertirse en un hub en energ\u00eda verde de referencia en Europa\",\"datePublished\":\"2023-09-13T09:56:04+00:00\",\"dateModified\":\"2023-09-28T09:59:16+00:00\",\"mainEntityOfPage\":{\"@id\":\"https:\\\/\\\/aeroportlleida.cat\\\/es\\\/laeroport-de-lleida-alguaire-inicia-els-treballs-per-convertir-se-en-un-hub-en-energia-verda-de-referencia-a-europa\\\/\"},\"wordCount\":344,\"commentCount\":0,\"publisher\":{\"@id\":\"https:\\\/\\\/aeroportlleida.cat\\\/#organization\"},\"image\":{\"@id\":\"https:\\\/\\\/aeroportlleida.cat\\\/es\\\/laeroport-de-lleida-alguaire-inicia-els-treballs-per-convertir-se-en-un-hub-en-energia-verda-de-referencia-a-europa\\\/#primaryimage\"},\"thumbnailUrl\":\"https:\\\/\\\/aeroportlleida.cat\\\/wp-content\\\/uploads\\\/2023\\\/09\\\/foto2.jpg\",\"articleSection\":[\"noticies\"],\"inLanguage\":\"es\"},{\"@type\":\"WebPage\",\"@id\":\"https:\\\/\\\/aeroportlleida.cat\\\/es\\\/laeroport-de-lleida-alguaire-inicia-els-treballs-per-convertir-se-en-un-hub-en-energia-verda-de-referencia-a-europa\\\/\",\"url\":\"https:\\\/\\\/aeroportlleida.cat\\\/es\\\/laeroport-de-lleida-alguaire-inicia-els-treballs-per-convertir-se-en-un-hub-en-energia-verda-de-referencia-a-europa\\\/\",\"name\":\"El Aeropuerto de Lleida \u2013 Alguaire inicia sus trabajos para convertirse en un hub en energ\u00eda verde de referencia en Europa - Aeroport de Lleida-Alguaire\",\"isPartOf\":{\"@id\":\"https:\\\/\\\/aeroportlleida.cat\\\/#website\"},\"primaryImageOfPage\":{\"@id\":\"https:\\\/\\\/aeroportlleida.cat\\\/es\\\/laeroport-de-lleida-alguaire-inicia-els-treballs-per-convertir-se-en-un-hub-en-energia-verda-de-referencia-a-europa\\\/#primaryimage\"},\"image\":{\"@id\":\"https:\\\/\\\/aeroportlleida.cat\\\/es\\\/laeroport-de-lleida-alguaire-inicia-els-treballs-per-convertir-se-en-un-hub-en-energia-verda-de-referencia-a-europa\\\/#primaryimage\"},\"thumbnailUrl\":\"https:\\\/\\\/aeroportlleida.cat\\\/wp-content\\\/uploads\\\/2023\\\/09\\\/foto2.jpg\",\"datePublished\":\"2023-09-13T09:56:04+00:00\",\"dateModified\":\"2023-09-28T09:59:16+00:00\",\"breadcrumb\":{\"@id\":\"https:\\\/\\\/aeroportlleida.cat\\\/es\\\/laeroport-de-lleida-alguaire-inicia-els-treballs-per-convertir-se-en-un-hub-en-energia-verda-de-referencia-a-europa\\\/#breadcrumb\"},\"inLanguage\":\"es\",\"potentialAction\":[{\"@type\":\"ReadAction\",\"target\":[\"https:\\\/\\\/aeroportlleida.cat\\\/es\\\/laeroport-de-lleida-alguaire-inicia-els-treballs-per-convertir-se-en-un-hub-en-energia-verda-de-referencia-a-europa\\\/\"]}]},{\"@type\":\"ImageObject\",\"inLanguage\":\"es\",\"@id\":\"https:\\\/\\\/aeroportlleida.cat\\\/es\\\/laeroport-de-lleida-alguaire-inicia-els-treballs-per-convertir-se-en-un-hub-en-energia-verda-de-referencia-a-europa\\\/#primaryimage\",\"url\":\"https:\\\/\\\/aeroportlleida.cat\\\/wp-content\\\/uploads\\\/2023\\\/09\\\/foto2.jpg\",\"contentUrl\":\"https:\\\/\\\/aeroportlleida.cat\\\/wp-content\\\/uploads\\\/2023\\\/09\\\/foto2.jpg\",\"width\":2048,\"height\":1366},{\"@type\":\"BreadcrumbList\",\"@id\":\"https:\\\/\\\/aeroportlleida.cat\\\/es\\\/laeroport-de-lleida-alguaire-inicia-els-treballs-per-convertir-se-en-un-hub-en-energia-verda-de-referencia-a-europa\\\/#breadcrumb\",\"itemListElement\":[{\"@type\":\"ListItem\",\"position\":1,\"name\":\"Inici\",\"item\":\"https:\\\/\\\/aeroportlleida.cat\\\/es\\\/\"},{\"@type\":\"ListItem\",\"position\":2,\"name\":\"El Aeropuerto de Lleida \u2013 Alguaire inicia sus trabajos para convertirse en un hub en energ\u00eda verde de referencia en Europa\"}]},{\"@type\":\"WebSite\",\"@id\":\"https:\\\/\\\/aeroportlleida.cat\\\/#website\",\"url\":\"https:\\\/\\\/aeroportlleida.cat\\\/\",\"name\":\"Aeroport de Lleida-Alguaire\",\"description\":\"Aeropuerto de Lleida-Alguaire\",\"publisher\":{\"@id\":\"https:\\\/\\\/aeroportlleida.cat\\\/#organization\"},\"potentialAction\":[{\"@type\":\"SearchAction\",\"target\":{\"@type\":\"EntryPoint\",\"urlTemplate\":\"https:\\\/\\\/aeroportlleida.cat\\\/?s={search_term_string}\"},\"query-input\":{\"@type\":\"PropertyValueSpecification\",\"valueRequired\":true,\"valueName\":\"search_term_string\"}}],\"inLanguage\":\"es\"},{\"@type\":\"Organization\",\"@id\":\"https:\\\/\\\/aeroportlleida.cat\\\/#organization\",\"name\":\"Aeroport de Lleida\",\"url\":\"https:\\\/\\\/aeroportlleida.cat\\\/\",\"logo\":{\"@type\":\"ImageObject\",\"inLanguage\":\"es\",\"@id\":\"https:\\\/\\\/aeroportlleida.cat\\\/#\\\/schema\\\/logo\\\/image\\\/\",\"url\":\"http:\\\/\\\/aeroportlleida.cat\\\/wp-content\\\/uploads\\\/2019\\\/04\\\/front-aero-lleida.jpg\",\"contentUrl\":\"http:\\\/\\\/aeroportlleida.cat\\\/wp-content\\\/uploads\\\/2019\\\/04\\\/front-aero-lleida.jpg\",\"width\":2000,\"height\":950,\"caption\":\"Aeroport de Lleida\"},\"image\":{\"@id\":\"https:\\\/\\\/aeroportlleida.cat\\\/#\\\/schema\\\/logo\\\/image\\\/\"}},{\"@type\":\"Person\",\"@id\":\"https:\\\/\\\/aeroportlleida.cat\\\/#\\\/schema\\\/person\\\/8270911d351c62c23d8d6febb6cb2ae4\",\"name\":\"Tecnic\",\"image\":{\"@type\":\"ImageObject\",\"inLanguage\":\"es\",\"@id\":\"https:\\\/\\\/secure.gravatar.com\\\/avatar\\\/f04ae207245779a101cd8940a7ec3eb3caaade6242760e26c768820b9ff3626b?s=96&d=mm&r=g\",\"url\":\"https:\\\/\\\/secure.gravatar.com\\\/avatar\\\/f04ae207245779a101cd8940a7ec3eb3caaade6242760e26c768820b9ff3626b?s=96&d=mm&r=g\",\"contentUrl\":\"https:\\\/\\\/secure.gravatar.com\\\/avatar\\\/f04ae207245779a101cd8940a7ec3eb3caaade6242760e26c768820b9ff3626b?s=96&d=mm&r=g\",\"caption\":\"Tecnic\"},\"url\":\"https:\\\/\\\/aeroportlleida.cat\\\/es\\\/author\\\/tecnic\\\/\"}]}<\/script>\n<!-- \/ Yoast SEO plugin. -->","yoast_head_json":{"title":"El Aeropuerto de Lleida \u2013 Alguaire inicia sus trabajos para convertirse en un hub en energ\u00eda verde de referencia en Europa - Aeroport de Lleida-Alguaire","robots":{"index":"index","follow":"follow","max-snippet":"max-snippet:-1","max-image-preview":"max-image-preview:large","max-video-preview":"max-video-preview:-1"},"canonical":"https:\/\/aeroportlleida.cat\/es\/laeroport-de-lleida-alguaire-inicia-els-treballs-per-convertir-se-en-un-hub-en-energia-verda-de-referencia-a-europa\/","og_locale":"es_ES","og_type":"article","og_title":"El Aeropuerto de Lleida \u2013 Alguaire inicia sus trabajos para convertirse en un hub en energ\u00eda verde de referencia en Europa - Aeroport de Lleida-Alguaire","og_description":"El aeropuerto de Lleida-Alguaire iniciar\u00e1 en las pr\u00f3ximas semanas las obras de adecuaci\u00f3n para poder producir hidr\u00f3geno verde a partir de la energ\u00eda del parque fotovoltaico actual. Los principales trabajos...","og_url":"https:\/\/aeroportlleida.cat\/es\/laeroport-de-lleida-alguaire-inicia-els-treballs-per-convertir-se-en-un-hub-en-energia-verda-de-referencia-a-europa\/","og_site_name":"Aeroport de Lleida-Alguaire","article_published_time":"2023-09-13T09:56:04+00:00","article_modified_time":"2023-09-28T09:59:16+00:00","og_image":[{"width":2048,"height":1366,"url":"https:\/\/aeroportlleida.cat\/wp-content\/uploads\/2023\/09\/foto2.jpg","type":"image\/jpeg"}],"author":"Tecnic","twitter_card":"summary_large_image","twitter_misc":{"Escrito por":"Tecnic","Tiempo de lectura":"2 minutos"},"schema":{"@context":"https:\/\/schema.org","@graph":[{"@type":"Article","@id":"https:\/\/aeroportlleida.cat\/es\/laeroport-de-lleida-alguaire-inicia-els-treballs-per-convertir-se-en-un-hub-en-energia-verda-de-referencia-a-europa\/#article","isPartOf":{"@id":"https:\/\/aeroportlleida.cat\/es\/laeroport-de-lleida-alguaire-inicia-els-treballs-per-convertir-se-en-un-hub-en-energia-verda-de-referencia-a-europa\/"},"author":{"name":"Tecnic","@id":"https:\/\/aeroportlleida.cat\/#\/schema\/person\/8270911d351c62c23d8d6febb6cb2ae4"},"headline":"El Aeropuerto de Lleida \u2013 Alguaire inicia sus trabajos para convertirse en un hub en energ\u00eda verde de referencia en Europa","datePublished":"2023-09-13T09:56:04+00:00","dateModified":"2023-09-28T09:59:16+00:00","mainEntityOfPage":{"@id":"https:\/\/aeroportlleida.cat\/es\/laeroport-de-lleida-alguaire-inicia-els-treballs-per-convertir-se-en-un-hub-en-energia-verda-de-referencia-a-europa\/"},"wordCount":344,"commentCount":0,"publisher":{"@id":"https:\/\/aeroportlleida.cat\/#organization"},"image":{"@id":"https:\/\/aeroportlleida.cat\/es\/laeroport-de-lleida-alguaire-inicia-els-treballs-per-convertir-se-en-un-hub-en-energia-verda-de-referencia-a-europa\/#primaryimage"},"thumbnailUrl":"https:\/\/aeroportlleida.cat\/wp-content\/uploads\/2023\/09\/foto2.jpg","articleSection":["noticies"],"inLanguage":"es"},{"@type":"WebPage","@id":"https:\/\/aeroportlleida.cat\/es\/laeroport-de-lleida-alguaire-inicia-els-treballs-per-convertir-se-en-un-hub-en-energia-verda-de-referencia-a-europa\/","url":"https:\/\/aeroportlleida.cat\/es\/laeroport-de-lleida-alguaire-inicia-els-treballs-per-convertir-se-en-un-hub-en-energia-verda-de-referencia-a-europa\/","name":"El Aeropuerto de Lleida \u2013 Alguaire inicia sus trabajos para convertirse en un hub en energ\u00eda verde de referencia en Europa - Aeroport de Lleida-Alguaire","isPartOf":{"@id":"https:\/\/aeroportlleida.cat\/#website"},"primaryImageOfPage":{"@id":"https:\/\/aeroportlleida.cat\/es\/laeroport-de-lleida-alguaire-inicia-els-treballs-per-convertir-se-en-un-hub-en-energia-verda-de-referencia-a-europa\/#primaryimage"},"image":{"@id":"https:\/\/aeroportlleida.cat\/es\/laeroport-de-lleida-alguaire-inicia-els-treballs-per-convertir-se-en-un-hub-en-energia-verda-de-referencia-a-europa\/#primaryimage"},"thumbnailUrl":"https:\/\/aeroportlleida.cat\/wp-content\/uploads\/2023\/09\/foto2.jpg","datePublished":"2023-09-13T09:56:04+00:00","dateModified":"2023-09-28T09:59:16+00:00","breadcrumb":{"@id":"https:\/\/aeroportlleida.cat\/es\/laeroport-de-lleida-alguaire-inicia-els-treballs-per-convertir-se-en-un-hub-en-energia-verda-de-referencia-a-europa\/#breadcrumb"},"inLanguage":"es","potentialAction":[{"@type":"ReadAction","target":["https:\/\/aeroportlleida.cat\/es\/laeroport-de-lleida-alguaire-inicia-els-treballs-per-convertir-se-en-un-hub-en-energia-verda-de-referencia-a-europa\/"]}]},{"@type":"ImageObject","inLanguage":"es","@id":"https:\/\/aeroportlleida.cat\/es\/laeroport-de-lleida-alguaire-inicia-els-treballs-per-convertir-se-en-un-hub-en-energia-verda-de-referencia-a-europa\/#primaryimage","url":"https:\/\/aeroportlleida.cat\/wp-content\/uploads\/2023\/09\/foto2.jpg","contentUrl":"https:\/\/aeroportlleida.cat\/wp-content\/uploads\/2023\/09\/foto2.jpg","width":2048,"height":1366},{"@type":"BreadcrumbList","@id":"https:\/\/aeroportlleida.cat\/es\/laeroport-de-lleida-alguaire-inicia-els-treballs-per-convertir-se-en-un-hub-en-energia-verda-de-referencia-a-europa\/#breadcrumb","itemListElement":[{"@type":"ListItem","position":1,"name":"Inici","item":"https:\/\/aeroportlleida.cat\/es\/"},{"@type":"ListItem","position":2,"name":"El Aeropuerto de Lleida \u2013 Alguaire inicia sus trabajos para convertirse en un hub en energ\u00eda verde de referencia en Europa"}]},{"@type":"WebSite","@id":"https:\/\/aeroportlleida.cat\/#website","url":"https:\/\/aeroportlleida.cat\/","name":"Aeroport de Lleida-Alguaire","description":"Aeropuerto de Lleida-Alguaire","publisher":{"@id":"https:\/\/aeroportlleida.cat\/#organization"},"potentialAction":[{"@type":"SearchAction","target":{"@type":"EntryPoint","urlTemplate":"https:\/\/aeroportlleida.cat\/?s={search_term_string}"},"query-input":{"@type":"PropertyValueSpecification","valueRequired":true,"valueName":"search_term_string"}}],"inLanguage":"es"},{"@type":"Organization","@id":"https:\/\/aeroportlleida.cat\/#organization","name":"Aeroport de Lleida","url":"https:\/\/aeroportlleida.cat\/","logo":{"@type":"ImageObject","inLanguage":"es","@id":"https:\/\/aeroportlleida.cat\/#\/schema\/logo\/image\/","url":"http:\/\/aeroportlleida.cat\/wp-content\/uploads\/2019\/04\/front-aero-lleida.jpg","contentUrl":"http:\/\/aeroportlleida.cat\/wp-content\/uploads\/2019\/04\/front-aero-lleida.jpg","width":2000,"height":950,"caption":"Aeroport de Lleida"},"image":{"@id":"https:\/\/aeroportlleida.cat\/#\/schema\/logo\/image\/"}},{"@type":"Person","@id":"https:\/\/aeroportlleida.cat\/#\/schema\/person\/8270911d351c62c23d8d6febb6cb2ae4","name":"Tecnic","image":{"@type":"ImageObject","inLanguage":"es","@id":"https:\/\/secure.gravatar.com\/avatar\/f04ae207245779a101cd8940a7ec3eb3caaade6242760e26c768820b9ff3626b?s=96&d=mm&r=g","url":"https:\/\/secure.gravatar.com\/avatar\/f04ae207245779a101cd8940a7ec3eb3caaade6242760e26c768820b9ff3626b?s=96&d=mm&r=g","contentUrl":"https:\/\/secure.gravatar.com\/avatar\/f04ae207245779a101cd8940a7ec3eb3caaade6242760e26c768820b9ff3626b?s=96&d=mm&r=g","caption":"Tecnic"},"url":"https:\/\/aeroportlleida.cat\/es\/author\/tecnic\/"}]}},"_links":{"self":[{"href":"https:\/\/aeroportlleida.cat\/es\/wp-json\/wp\/v2\/posts\/19904","targetHints":{"allow":["GET"]}}],"collection":[{"href":"https:\/\/aeroportlleida.cat\/es\/wp-json\/wp\/v2\/posts"}],"about":[{"href":"https:\/\/aeroportlleida.cat\/es\/wp-json\/wp\/v2\/types\/post"}],"author":[{"embeddable":true,"href":"https:\/\/aeroportlleida.cat\/es\/wp-json\/wp\/v2\/users\/8"}],"replies":[{"embeddable":true,"href":"https:\/\/aeroportlleida.cat\/es\/wp-json\/wp\/v2\/comments?post=19904"}],"version-history":[{"count":2,"href":"https:\/\/aeroportlleida.cat\/es\/wp-json\/wp\/v2\/posts\/19904\/revisions"}],"predecessor-version":[{"id":19910,"href":"https:\/\/aeroportlleida.cat\/es\/wp-json\/wp\/v2\/posts\/19904\/revisions\/19910"}],"wp:featuredmedia":[{"embeddable":true,"href":"https:\/\/aeroportlleida.cat\/es\/wp-json\/wp\/v2\/media\/19905"}],"wp:attachment":[{"href":"https:\/\/aeroportlleida.cat\/es\/wp-json\/wp\/v2\/media?parent=19904"}],"wp:term":[{"taxonomy":"category","embeddable":true,"href":"https:\/\/aeroportlleida.cat\/es\/wp-json\/wp\/v2\/categories?post=19904"},{"taxonomy":"post_tag","embeddable":true,"href":"https:\/\/aeroportlleida.cat\/es\/wp-json\/wp\/v2\/tags?post=19904"}],"curies":[{"name":"wp","href":"https:\/\/api.w.org\/{rel}","templated":true}]}}