{"id":19922,"date":"2023-10-11T10:32:01","date_gmt":"2023-10-11T09:32:01","guid":{"rendered":"http:\/\/aeroportlleida.cat\/?p=19922"},"modified":"2023-10-11T10:36:33","modified_gmt":"2023-10-11T09:36:33","slug":"la-feria-aeronautica-lleidaairchallenge-de-este-ano-cierra-con-un-incremento-del-30-de-visitantes-que-alcanzan-los-5-500","status":"publish","type":"post","link":"https:\/\/aeroportlleida.cat\/es\/la-feria-aeronautica-lleidaairchallenge-de-este-ano-cierra-con-un-incremento-del-30-de-visitantes-que-alcanzan-los-5-500\/","title":{"rendered":"La Feria aeron\u00e1utica LleidaAirChallenge de este a\u00f1o cierra con un incremento del 30% de visitantes, que alcanzan los 5.500"},"content":{"rendered":"<p><span style=\"font-weight: 400;\">La Feria Lleida AirChallenge de este a\u00f1o, que se ha celebrado en el aeropuerto de Lleida-Alguaire este fin de semana, ha cerrado sus puertas hoy con una afluencia de 5.500 visitantes, que han podido visitar cerca del centenar de expositores instalados tos y asistir y tomar parte en el amplio abanico de actividades organizadas alrededor del mundo de la aeron\u00e1utica. La cifra de visitantes de este a\u00f1o supera en un 30% a la de la edici\u00f3n anterior. La del 2023 ser\u00eda la novena edici\u00f3n de la feria si se cuenta que en octubre del 2013 se celebr\u00f3 la edici\u00f3n 0.<\/span><\/p>\n<p><span style=\"font-weight: 400;\">El presidente de Aeropuertos de Catalunya, Daniel Albalate, se ha mostrado \u00abmuy satisfecho y agradecido con la muy buena acogida que ha tenido la feria este a\u00f1o y ha explicado que el aumento de visitantes \u00absupera las expectativas que nos hab\u00edamos hecho\u00bb . Seg\u00fan Albalate, todo ello \u00abconfirma el acierto en el cambio de fechas y ubicaci\u00f3n en la zona industrial, que ha gustado mucho al p\u00fablico ya los exhibidores y ha ayudado a la circulaci\u00f3n dentro del recinto\u00bb. Cabe recordar que este a\u00f1o la feria se ha ubicado por primera vez en la plataforma industrial del aeropuerto y, adem\u00e1s, que se ha dejado de celebrar a principios del mes de junio, como se hab\u00eda hecho en las ediciones anteriores, para evitar el calor extremo de esas fechas, y se ha trasladado al 7 y 8 de octubre.<\/span><\/p>\n<p><span style=\"font-weight: 400;\">Daniel Albalate resalt\u00f3 que la feria ha sido un \u00e9xito para los profesionales y aficionados del sector. \u00abNos dicen que los tambi\u00e9n han superado sus expectativas y as\u00ed lo confirma el n\u00famero de aeronaves y de visitas en modo fly-in que hemos tenido\u00bb, ha se\u00f1alado. Cabe decir que durante los dos d\u00edas de la feria el aeropuerto ha acogido a m\u00e1s de 120 aeronaves entre visitantes y expositores\u201d. Albalate tambi\u00e9n ha querido destacar el ambiente familiar y festivo que se ha vivido en el aeropuerto todo el fin de semana. \u00abEsto es lo que pretendemos -ha dicho-, abrir nuestras instalaciones y acercar la aeron\u00e1utica a la ciudadan\u00eda\u00bb.<\/span><\/p>\n<p><span style=\"font-weight: 400;\">Los 96 expositores de la feria han sido distribuidos en tres espacios: uno dedicado a la actividad del New Space y nuevas tecnolog\u00edas aeron\u00e1uticas y del espacio; un segundo, en el \u00e1mbito de la formaci\u00f3n; el tercero, en las empresas del sector aeron\u00e1utico. La feria ha incluido por primera vez la compraventa in situ de aeronaves de segunda mano, concretamente de tres avionetas y un helic\u00f3ptero.<\/span><\/p>\n<p><span style=\"font-weight: 400;\">Los visitantes han podido disfrutar de exhibiciones de drones, con demostraciones de sus posibles aplicaciones y con talleres para el p\u00fablico infantil. Las actividades en torno a los drones han sido una de las atracciones de la feria, en consonancia con la relevancia que esta tecnolog\u00eda est\u00e1 alcanzando en la aeron\u00e1utica. La Federaci\u00f3n A\u00e9rea Catalana ha organizado exhibiciones de las diferentes tipolog\u00edas de aviaci\u00f3n deportiva, con autogiros, paramotores y aeromodelos y con aviones hist\u00f3ricos. Una de las novedades de cara al p\u00fablico es que este a\u00f1o ha tenido ocasi\u00f3n de experimentar el pilotaje de una aeronave mediante dos simuladores de vuelo, uno de vuelos comerciales y otro de competici\u00f3n. Tambi\u00e9n se ha expuesto un helic\u00f3ptero del cuerpo de los Mossos d&#8217;Esquadra y otro del de Agentes Rurales.<\/span><\/p>\n<p><span style=\"font-weight: 400;\">El programa de la feria ha incluido once jornadas, buena parte de las cuales han girado en torno a las diferentes orientaciones estrat\u00e9gicas del aeropuerto y en sus posibilidades laborales, que han gozado de buena acogida, con una media de asistencia de m\u00e1s de 30 personas. La primera y \u00fanica wingwalker (bailarina del aire) profesional espa\u00f1ola, Ainhoa S\u00e1nchez, ha explicado en qu\u00e9 consiste su modalidad acrob\u00e1tica en la conferencia \u00abBailando sobre un avi\u00f3n biplano\u00bb. Tambi\u00e9n ha intervenido Joan Anton Catal\u00e0, comisario de la Conmemoraci\u00f3n A\u00f1o Joan Or\u00f3, con la conferencia divulgativa \u00abJoan Or\u00f3: el origen de la vida y el Universo\u00bb.<\/span><\/p>\n","protected":false},"excerpt":{"rendered":"<p>La Feria Lleida AirChallenge de este a\u00f1o, que se ha celebrado en el aeropuerto de Lleida-Alguaire este fin de semana, ha cerrado sus puertas hoy con una afluencia de 5.500&#8230;<\/p>\n","protected":false},"author":8,"featured_media":19918,"comment_status":"open","ping_status":"open","sticky":false,"template":"","format":"standard","meta":{"footnotes":""},"categories":[90],"tags":[],"class_list":["post-19922","post","type-post","status-publish","format-standard","has-post-thumbnail","hentry","category-noticies-es"],"yoast_head":"<!-- This site is optimized with the Yoast SEO plugin v27.5 - https:\/\/yoast.com\/product\/yoast-seo-wordpress\/ -->\n<title>La Feria aeron\u00e1utica LleidaAirChallenge de este a\u00f1o cierra con un incremento del 30% de visitantes, que alcanzan los 5.500 - Aeroport de Lleida-Alguaire<\/title>\n<meta name=\"robots\" content=\"index, follow, max-snippet:-1, max-image-preview:large, max-video-preview:-1\" \/>\n<link rel=\"canonical\" href=\"https:\/\/aeroportlleida.cat\/es\/la-feria-aeronautica-lleidaairchallenge-de-este-ano-cierra-con-un-incremento-del-30-de-visitantes-que-alcanzan-los-5-500\/\" \/>\n<meta property=\"og:locale\" content=\"es_ES\" \/>\n<meta property=\"og:type\" content=\"article\" \/>\n<meta property=\"og:title\" content=\"La Feria aeron\u00e1utica LleidaAirChallenge de este a\u00f1o cierra con un incremento del 30% de visitantes, que alcanzan los 5.500 - Aeroport de Lleida-Alguaire\" \/>\n<meta property=\"og:description\" content=\"La Feria Lleida AirChallenge de este a\u00f1o, que se ha celebrado en el aeropuerto de Lleida-Alguaire este fin de semana, ha cerrado sus puertas hoy con una afluencia de 5.500...\" \/>\n<meta property=\"og:url\" content=\"https:\/\/aeroportlleida.cat\/es\/la-feria-aeronautica-lleidaairchallenge-de-este-ano-cierra-con-un-incremento-del-30-de-visitantes-que-alcanzan-los-5-500\/\" \/>\n<meta property=\"og:site_name\" content=\"Aeroport de Lleida-Alguaire\" \/>\n<meta property=\"article:published_time\" content=\"2023-10-11T09:32:01+00:00\" \/>\n<meta property=\"article:modified_time\" content=\"2023-10-11T09:36:33+00:00\" \/>\n<meta property=\"og:image\" content=\"https:\/\/aeroportlleida.cat\/wp-content\/uploads\/2023\/10\/DJI_0915-scaled.jpg\" \/>\n\t<meta property=\"og:image:width\" content=\"2560\" \/>\n\t<meta property=\"og:image:height\" content=\"1917\" \/>\n\t<meta property=\"og:image:type\" content=\"image\/jpeg\" \/>\n<meta name=\"author\" content=\"Tecnic\" \/>\n<meta name=\"twitter:card\" content=\"summary_large_image\" \/>\n<meta name=\"twitter:label1\" content=\"Escrito por\" \/>\n\t<meta name=\"twitter:data1\" content=\"Tecnic\" \/>\n\t<meta name=\"twitter:label2\" content=\"Tiempo de lectura\" \/>\n\t<meta name=\"twitter:data2\" content=\"4 minutos\" \/>\n<script type=\"application\/ld+json\" class=\"yoast-schema-graph\">{\"@context\":\"https:\\\/\\\/schema.org\",\"@graph\":[{\"@type\":\"Article\",\"@id\":\"https:\\\/\\\/aeroportlleida.cat\\\/es\\\/la-feria-aeronautica-lleidaairchallenge-de-este-ano-cierra-con-un-incremento-del-30-de-visitantes-que-alcanzan-los-5-500\\\/#article\",\"isPartOf\":{\"@id\":\"https:\\\/\\\/aeroportlleida.cat\\\/es\\\/la-feria-aeronautica-lleidaairchallenge-de-este-ano-cierra-con-un-incremento-del-30-de-visitantes-que-alcanzan-los-5-500\\\/\"},\"author\":{\"name\":\"Tecnic\",\"@id\":\"https:\\\/\\\/aeroportlleida.cat\\\/#\\\/schema\\\/person\\\/8270911d351c62c23d8d6febb6cb2ae4\"},\"headline\":\"La Feria aeron\u00e1utica LleidaAirChallenge de este a\u00f1o cierra con un incremento del 30% de visitantes, que alcanzan los 5.500\",\"datePublished\":\"2023-10-11T09:32:01+00:00\",\"dateModified\":\"2023-10-11T09:36:33+00:00\",\"mainEntityOfPage\":{\"@id\":\"https:\\\/\\\/aeroportlleida.cat\\\/es\\\/la-feria-aeronautica-lleidaairchallenge-de-este-ano-cierra-con-un-incremento-del-30-de-visitantes-que-alcanzan-los-5-500\\\/\"},\"wordCount\":700,\"commentCount\":0,\"publisher\":{\"@id\":\"https:\\\/\\\/aeroportlleida.cat\\\/#organization\"},\"image\":{\"@id\":\"https:\\\/\\\/aeroportlleida.cat\\\/es\\\/la-feria-aeronautica-lleidaairchallenge-de-este-ano-cierra-con-un-incremento-del-30-de-visitantes-que-alcanzan-los-5-500\\\/#primaryimage\"},\"thumbnailUrl\":\"https:\\\/\\\/aeroportlleida.cat\\\/wp-content\\\/uploads\\\/2023\\\/10\\\/DJI_0915-scaled.jpg\",\"articleSection\":[\"noticies\"],\"inLanguage\":\"es\"},{\"@type\":\"WebPage\",\"@id\":\"https:\\\/\\\/aeroportlleida.cat\\\/es\\\/la-feria-aeronautica-lleidaairchallenge-de-este-ano-cierra-con-un-incremento-del-30-de-visitantes-que-alcanzan-los-5-500\\\/\",\"url\":\"https:\\\/\\\/aeroportlleida.cat\\\/es\\\/la-feria-aeronautica-lleidaairchallenge-de-este-ano-cierra-con-un-incremento-del-30-de-visitantes-que-alcanzan-los-5-500\\\/\",\"name\":\"La Feria aeron\u00e1utica LleidaAirChallenge de este a\u00f1o cierra con un incremento del 30% de visitantes, que alcanzan los 5.500 - Aeroport de Lleida-Alguaire\",\"isPartOf\":{\"@id\":\"https:\\\/\\\/aeroportlleida.cat\\\/#website\"},\"primaryImageOfPage\":{\"@id\":\"https:\\\/\\\/aeroportlleida.cat\\\/es\\\/la-feria-aeronautica-lleidaairchallenge-de-este-ano-cierra-con-un-incremento-del-30-de-visitantes-que-alcanzan-los-5-500\\\/#primaryimage\"},\"image\":{\"@id\":\"https:\\\/\\\/aeroportlleida.cat\\\/es\\\/la-feria-aeronautica-lleidaairchallenge-de-este-ano-cierra-con-un-incremento-del-30-de-visitantes-que-alcanzan-los-5-500\\\/#primaryimage\"},\"thumbnailUrl\":\"https:\\\/\\\/aeroportlleida.cat\\\/wp-content\\\/uploads\\\/2023\\\/10\\\/DJI_0915-scaled.jpg\",\"datePublished\":\"2023-10-11T09:32:01+00:00\",\"dateModified\":\"2023-10-11T09:36:33+00:00\",\"breadcrumb\":{\"@id\":\"https:\\\/\\\/aeroportlleida.cat\\\/es\\\/la-feria-aeronautica-lleidaairchallenge-de-este-ano-cierra-con-un-incremento-del-30-de-visitantes-que-alcanzan-los-5-500\\\/#breadcrumb\"},\"inLanguage\":\"es\",\"potentialAction\":[{\"@type\":\"ReadAction\",\"target\":[\"https:\\\/\\\/aeroportlleida.cat\\\/es\\\/la-feria-aeronautica-lleidaairchallenge-de-este-ano-cierra-con-un-incremento-del-30-de-visitantes-que-alcanzan-los-5-500\\\/\"]}]},{\"@type\":\"ImageObject\",\"inLanguage\":\"es\",\"@id\":\"https:\\\/\\\/aeroportlleida.cat\\\/es\\\/la-feria-aeronautica-lleidaairchallenge-de-este-ano-cierra-con-un-incremento-del-30-de-visitantes-que-alcanzan-los-5-500\\\/#primaryimage\",\"url\":\"https:\\\/\\\/aeroportlleida.cat\\\/wp-content\\\/uploads\\\/2023\\\/10\\\/DJI_0915-scaled.jpg\",\"contentUrl\":\"https:\\\/\\\/aeroportlleida.cat\\\/wp-content\\\/uploads\\\/2023\\\/10\\\/DJI_0915-scaled.jpg\",\"width\":2560,\"height\":1917},{\"@type\":\"BreadcrumbList\",\"@id\":\"https:\\\/\\\/aeroportlleida.cat\\\/es\\\/la-feria-aeronautica-lleidaairchallenge-de-este-ano-cierra-con-un-incremento-del-30-de-visitantes-que-alcanzan-los-5-500\\\/#breadcrumb\",\"itemListElement\":[{\"@type\":\"ListItem\",\"position\":1,\"name\":\"Inici\",\"item\":\"https:\\\/\\\/aeroportlleida.cat\\\/es\\\/\"},{\"@type\":\"ListItem\",\"position\":2,\"name\":\"La Feria aeron\u00e1utica LleidaAirChallenge de este a\u00f1o cierra con un incremento del 30% de visitantes, que alcanzan los 5.500\"}]},{\"@type\":\"WebSite\",\"@id\":\"https:\\\/\\\/aeroportlleida.cat\\\/#website\",\"url\":\"https:\\\/\\\/aeroportlleida.cat\\\/\",\"name\":\"Aeroport de Lleida-Alguaire\",\"description\":\"Aeropuerto de Lleida-Alguaire\",\"publisher\":{\"@id\":\"https:\\\/\\\/aeroportlleida.cat\\\/#organization\"},\"potentialAction\":[{\"@type\":\"SearchAction\",\"target\":{\"@type\":\"EntryPoint\",\"urlTemplate\":\"https:\\\/\\\/aeroportlleida.cat\\\/?s={search_term_string}\"},\"query-input\":{\"@type\":\"PropertyValueSpecification\",\"valueRequired\":true,\"valueName\":\"search_term_string\"}}],\"inLanguage\":\"es\"},{\"@type\":\"Organization\",\"@id\":\"https:\\\/\\\/aeroportlleida.cat\\\/#organization\",\"name\":\"Aeroport de Lleida\",\"url\":\"https:\\\/\\\/aeroportlleida.cat\\\/\",\"logo\":{\"@type\":\"ImageObject\",\"inLanguage\":\"es\",\"@id\":\"https:\\\/\\\/aeroportlleida.cat\\\/#\\\/schema\\\/logo\\\/image\\\/\",\"url\":\"http:\\\/\\\/aeroportlleida.cat\\\/wp-content\\\/uploads\\\/2019\\\/04\\\/front-aero-lleida.jpg\",\"contentUrl\":\"http:\\\/\\\/aeroportlleida.cat\\\/wp-content\\\/uploads\\\/2019\\\/04\\\/front-aero-lleida.jpg\",\"width\":2000,\"height\":950,\"caption\":\"Aeroport de Lleida\"},\"image\":{\"@id\":\"https:\\\/\\\/aeroportlleida.cat\\\/#\\\/schema\\\/logo\\\/image\\\/\"}},{\"@type\":\"Person\",\"@id\":\"https:\\\/\\\/aeroportlleida.cat\\\/#\\\/schema\\\/person\\\/8270911d351c62c23d8d6febb6cb2ae4\",\"name\":\"Tecnic\",\"image\":{\"@type\":\"ImageObject\",\"inLanguage\":\"es\",\"@id\":\"https:\\\/\\\/secure.gravatar.com\\\/avatar\\\/f04ae207245779a101cd8940a7ec3eb3caaade6242760e26c768820b9ff3626b?s=96&d=mm&r=g\",\"url\":\"https:\\\/\\\/secure.gravatar.com\\\/avatar\\\/f04ae207245779a101cd8940a7ec3eb3caaade6242760e26c768820b9ff3626b?s=96&d=mm&r=g\",\"contentUrl\":\"https:\\\/\\\/secure.gravatar.com\\\/avatar\\\/f04ae207245779a101cd8940a7ec3eb3caaade6242760e26c768820b9ff3626b?s=96&d=mm&r=g\",\"caption\":\"Tecnic\"},\"url\":\"https:\\\/\\\/aeroportlleida.cat\\\/es\\\/author\\\/tecnic\\\/\"}]}<\/script>\n<!-- \/ Yoast SEO plugin. -->","yoast_head_json":{"title":"La Feria aeron\u00e1utica LleidaAirChallenge de este a\u00f1o cierra con un incremento del 30% de visitantes, que alcanzan los 5.500 - Aeroport de Lleida-Alguaire","robots":{"index":"index","follow":"follow","max-snippet":"max-snippet:-1","max-image-preview":"max-image-preview:large","max-video-preview":"max-video-preview:-1"},"canonical":"https:\/\/aeroportlleida.cat\/es\/la-feria-aeronautica-lleidaairchallenge-de-este-ano-cierra-con-un-incremento-del-30-de-visitantes-que-alcanzan-los-5-500\/","og_locale":"es_ES","og_type":"article","og_title":"La Feria aeron\u00e1utica LleidaAirChallenge de este a\u00f1o cierra con un incremento del 30% de visitantes, que alcanzan los 5.500 - Aeroport de Lleida-Alguaire","og_description":"La Feria Lleida AirChallenge de este a\u00f1o, que se ha celebrado en el aeropuerto de Lleida-Alguaire este fin de semana, ha cerrado sus puertas hoy con una afluencia de 5.500...","og_url":"https:\/\/aeroportlleida.cat\/es\/la-feria-aeronautica-lleidaairchallenge-de-este-ano-cierra-con-un-incremento-del-30-de-visitantes-que-alcanzan-los-5-500\/","og_site_name":"Aeroport de Lleida-Alguaire","article_published_time":"2023-10-11T09:32:01+00:00","article_modified_time":"2023-10-11T09:36:33+00:00","og_image":[{"width":2560,"height":1917,"url":"https:\/\/aeroportlleida.cat\/wp-content\/uploads\/2023\/10\/DJI_0915-scaled.jpg","type":"image\/jpeg"}],"author":"Tecnic","twitter_card":"summary_large_image","twitter_misc":{"Escrito por":"Tecnic","Tiempo de lectura":"4 minutos"},"schema":{"@context":"https:\/\/schema.org","@graph":[{"@type":"Article","@id":"https:\/\/aeroportlleida.cat\/es\/la-feria-aeronautica-lleidaairchallenge-de-este-ano-cierra-con-un-incremento-del-30-de-visitantes-que-alcanzan-los-5-500\/#article","isPartOf":{"@id":"https:\/\/aeroportlleida.cat\/es\/la-feria-aeronautica-lleidaairchallenge-de-este-ano-cierra-con-un-incremento-del-30-de-visitantes-que-alcanzan-los-5-500\/"},"author":{"name":"Tecnic","@id":"https:\/\/aeroportlleida.cat\/#\/schema\/person\/8270911d351c62c23d8d6febb6cb2ae4"},"headline":"La Feria aeron\u00e1utica LleidaAirChallenge de este a\u00f1o cierra con un incremento del 30% de visitantes, que alcanzan los 5.500","datePublished":"2023-10-11T09:32:01+00:00","dateModified":"2023-10-11T09:36:33+00:00","mainEntityOfPage":{"@id":"https:\/\/aeroportlleida.cat\/es\/la-feria-aeronautica-lleidaairchallenge-de-este-ano-cierra-con-un-incremento-del-30-de-visitantes-que-alcanzan-los-5-500\/"},"wordCount":700,"commentCount":0,"publisher":{"@id":"https:\/\/aeroportlleida.cat\/#organization"},"image":{"@id":"https:\/\/aeroportlleida.cat\/es\/la-feria-aeronautica-lleidaairchallenge-de-este-ano-cierra-con-un-incremento-del-30-de-visitantes-que-alcanzan-los-5-500\/#primaryimage"},"thumbnailUrl":"https:\/\/aeroportlleida.cat\/wp-content\/uploads\/2023\/10\/DJI_0915-scaled.jpg","articleSection":["noticies"],"inLanguage":"es"},{"@type":"WebPage","@id":"https:\/\/aeroportlleida.cat\/es\/la-feria-aeronautica-lleidaairchallenge-de-este-ano-cierra-con-un-incremento-del-30-de-visitantes-que-alcanzan-los-5-500\/","url":"https:\/\/aeroportlleida.cat\/es\/la-feria-aeronautica-lleidaairchallenge-de-este-ano-cierra-con-un-incremento-del-30-de-visitantes-que-alcanzan-los-5-500\/","name":"La Feria aeron\u00e1utica LleidaAirChallenge de este a\u00f1o cierra con un incremento del 30% de visitantes, que alcanzan los 5.500 - Aeroport de Lleida-Alguaire","isPartOf":{"@id":"https:\/\/aeroportlleida.cat\/#website"},"primaryImageOfPage":{"@id":"https:\/\/aeroportlleida.cat\/es\/la-feria-aeronautica-lleidaairchallenge-de-este-ano-cierra-con-un-incremento-del-30-de-visitantes-que-alcanzan-los-5-500\/#primaryimage"},"image":{"@id":"https:\/\/aeroportlleida.cat\/es\/la-feria-aeronautica-lleidaairchallenge-de-este-ano-cierra-con-un-incremento-del-30-de-visitantes-que-alcanzan-los-5-500\/#primaryimage"},"thumbnailUrl":"https:\/\/aeroportlleida.cat\/wp-content\/uploads\/2023\/10\/DJI_0915-scaled.jpg","datePublished":"2023-10-11T09:32:01+00:00","dateModified":"2023-10-11T09:36:33+00:00","breadcrumb":{"@id":"https:\/\/aeroportlleida.cat\/es\/la-feria-aeronautica-lleidaairchallenge-de-este-ano-cierra-con-un-incremento-del-30-de-visitantes-que-alcanzan-los-5-500\/#breadcrumb"},"inLanguage":"es","potentialAction":[{"@type":"ReadAction","target":["https:\/\/aeroportlleida.cat\/es\/la-feria-aeronautica-lleidaairchallenge-de-este-ano-cierra-con-un-incremento-del-30-de-visitantes-que-alcanzan-los-5-500\/"]}]},{"@type":"ImageObject","inLanguage":"es","@id":"https:\/\/aeroportlleida.cat\/es\/la-feria-aeronautica-lleidaairchallenge-de-este-ano-cierra-con-un-incremento-del-30-de-visitantes-que-alcanzan-los-5-500\/#primaryimage","url":"https:\/\/aeroportlleida.cat\/wp-content\/uploads\/2023\/10\/DJI_0915-scaled.jpg","contentUrl":"https:\/\/aeroportlleida.cat\/wp-content\/uploads\/2023\/10\/DJI_0915-scaled.jpg","width":2560,"height":1917},{"@type":"BreadcrumbList","@id":"https:\/\/aeroportlleida.cat\/es\/la-feria-aeronautica-lleidaairchallenge-de-este-ano-cierra-con-un-incremento-del-30-de-visitantes-que-alcanzan-los-5-500\/#breadcrumb","itemListElement":[{"@type":"ListItem","position":1,"name":"Inici","item":"https:\/\/aeroportlleida.cat\/es\/"},{"@type":"ListItem","position":2,"name":"La Feria aeron\u00e1utica LleidaAirChallenge de este a\u00f1o cierra con un incremento del 30% de visitantes, que alcanzan los 5.500"}]},{"@type":"WebSite","@id":"https:\/\/aeroportlleida.cat\/#website","url":"https:\/\/aeroportlleida.cat\/","name":"Aeroport de Lleida-Alguaire","description":"Aeropuerto de Lleida-Alguaire","publisher":{"@id":"https:\/\/aeroportlleida.cat\/#organization"},"potentialAction":[{"@type":"SearchAction","target":{"@type":"EntryPoint","urlTemplate":"https:\/\/aeroportlleida.cat\/?s={search_term_string}"},"query-input":{"@type":"PropertyValueSpecification","valueRequired":true,"valueName":"search_term_string"}}],"inLanguage":"es"},{"@type":"Organization","@id":"https:\/\/aeroportlleida.cat\/#organization","name":"Aeroport de Lleida","url":"https:\/\/aeroportlleida.cat\/","logo":{"@type":"ImageObject","inLanguage":"es","@id":"https:\/\/aeroportlleida.cat\/#\/schema\/logo\/image\/","url":"http:\/\/aeroportlleida.cat\/wp-content\/uploads\/2019\/04\/front-aero-lleida.jpg","contentUrl":"http:\/\/aeroportlleida.cat\/wp-content\/uploads\/2019\/04\/front-aero-lleida.jpg","width":2000,"height":950,"caption":"Aeroport de Lleida"},"image":{"@id":"https:\/\/aeroportlleida.cat\/#\/schema\/logo\/image\/"}},{"@type":"Person","@id":"https:\/\/aeroportlleida.cat\/#\/schema\/person\/8270911d351c62c23d8d6febb6cb2ae4","name":"Tecnic","image":{"@type":"ImageObject","inLanguage":"es","@id":"https:\/\/secure.gravatar.com\/avatar\/f04ae207245779a101cd8940a7ec3eb3caaade6242760e26c768820b9ff3626b?s=96&d=mm&r=g","url":"https:\/\/secure.gravatar.com\/avatar\/f04ae207245779a101cd8940a7ec3eb3caaade6242760e26c768820b9ff3626b?s=96&d=mm&r=g","contentUrl":"https:\/\/secure.gravatar.com\/avatar\/f04ae207245779a101cd8940a7ec3eb3caaade6242760e26c768820b9ff3626b?s=96&d=mm&r=g","caption":"Tecnic"},"url":"https:\/\/aeroportlleida.cat\/es\/author\/tecnic\/"}]}},"_links":{"self":[{"href":"https:\/\/aeroportlleida.cat\/es\/wp-json\/wp\/v2\/posts\/19922","targetHints":{"allow":["GET"]}}],"collection":[{"href":"https:\/\/aeroportlleida.cat\/es\/wp-json\/wp\/v2\/posts"}],"about":[{"href":"https:\/\/aeroportlleida.cat\/es\/wp-json\/wp\/v2\/types\/post"}],"author":[{"embeddable":true,"href":"https:\/\/aeroportlleida.cat\/es\/wp-json\/wp\/v2\/users\/8"}],"replies":[{"embeddable":true,"href":"https:\/\/aeroportlleida.cat\/es\/wp-json\/wp\/v2\/comments?post=19922"}],"version-history":[{"count":2,"href":"https:\/\/aeroportlleida.cat\/es\/wp-json\/wp\/v2\/posts\/19922\/revisions"}],"predecessor-version":[{"id":19926,"href":"https:\/\/aeroportlleida.cat\/es\/wp-json\/wp\/v2\/posts\/19922\/revisions\/19926"}],"wp:featuredmedia":[{"embeddable":true,"href":"https:\/\/aeroportlleida.cat\/es\/wp-json\/wp\/v2\/media\/19918"}],"wp:attachment":[{"href":"https:\/\/aeroportlleida.cat\/es\/wp-json\/wp\/v2\/media?parent=19922"}],"wp:term":[{"taxonomy":"category","embeddable":true,"href":"https:\/\/aeroportlleida.cat\/es\/wp-json\/wp\/v2\/categories?post=19922"},{"taxonomy":"post_tag","embeddable":true,"href":"https:\/\/aeroportlleida.cat\/es\/wp-json\/wp\/v2\/tags?post=19922"}],"curies":[{"name":"wp","href":"https:\/\/api.w.org\/{rel}","templated":true}]}}